{"id":6443,"date":"2022-08-30T18:23:19","date_gmt":"2022-08-30T20:53:19","guid":{"rendered":"https:\/\/acfsj.ca\/?p=6443"},"modified":"2026-01-06T12:19:02","modified_gmt":"2026-01-06T15:49:02","slug":"lancement-de-la-programmation","status":"publish","type":"post","link":"https:\/\/acfsj.ca\/fr\/lancement-de-la-programmation\/","title":{"rendered":"Lancement de la programmation\u00a0"},"content":{"rendered":"\n<p style=\"font-size:25px\">Mercredi 14 septembre 2022 \u00e0 partir de 17h <\/p>\n\n\n\n<p style=\"font-size:25px\">Centre Des Grands-Vents <\/p>\n\n\n\n<p style=\"font-size:25px\"><strong>Centre des Grands-vents<\/strong> ( <em>65, Ridge Road)<\/em>.<\/p>\n\n\n<div class=\"wp-block-image\">\n<figure class=\"alignleft size-large is-resized\"><img fetchpriority=\"high\" decoding=\"async\" src=\"https:\/\/acfsj.ca\/wp-content\/uploads\/2022\/08\/Jaune-Fete-des-meres-Reseaux-sociaux-Image-1024x1024.png\" alt=\"\" class=\"wp-image-6444\" width=\"512\" height=\"512\"\/><\/figure>\n<\/div>\n\n\n<p><\/p>\n\n\n<div class=\"wp-block-image\">\n<figure class=\"alignright size-large is-resized\"><img decoding=\"async\" src=\"https:\/\/acfsj.ca\/wp-content\/uploads\/2022\/02\/coeur_francais-1024x140.jpg\" alt=\"\" class=\"wp-image-3920\" width=\"378\" height=\"52\"\/><\/figure>\n<\/div>\n\n\n<p class=\"has-medium-font-size\">En collaboration avec l&rsquo;<a href=\"https:\/\/www.facebook.com\/ecolegv?__tn__=-]K*F\">\u00c9cole des Grands-Vents<\/a>, l&rsquo;ACFSJ vous invite \u00e0 la journ\u00e9e portes ouvertes.<br>Profitez de cette occasion pour (re)d\u00e9couvrir le Centre des Grands-Vents, ses espaces, les organismes qu&rsquo;il abrite et les ressources \u00e0 disposition. Nous vous pr\u00e9senterons \u00e9galement la programmation 2022-2023 et les grands \u00e9v\u00e9nements \u00e0 venir!<br><br><strong>Venez partager un moment convivial <\/strong><\/p>\n\n\n\n<p><\/p>\n\n\n\n<p style=\"font-size:22px\"><strong>Information : Culture@acfsj.ca&nbsp;or<\/strong> <strong>709-726-4900<\/strong><\/p>\n\n\n\n<figure class=\"wp-block-table is-style-regular\"><table><tbody><tr><td class=\"has-text-align-center\" data-align=\"center\"><img decoding=\"async\" src=\"https:\/\/acfsj.ca\/wp-content\/uploads\/2022\/02\/Copie-de-Copy-of-nouveau-logo-ACFSJ.jpg\" alt=\"\"><\/td><td class=\"has-text-align-center\" data-align=\"center\"><img decoding=\"async\" src=\"https:\/\/acfsj.ca\/wp-content\/uploads\/2022\/02\/Logo_CCSGV.jpg\" alt=\"\" width=\"192\" height=\"150\"><\/td><\/tr><\/tbody><\/table><\/figure>\n","protected":false},"excerpt":{"rendered":"<p>Mercredi 14 septembre 2022 \u00e0 partir de 17h Centre Des Grands-Vents Centre des Grands-vents ( 65, Ridge Road). En collaboration avec l&rsquo;\u00c9cole des Grands-Vents, l&rsquo;ACFSJ vous invite \u00e0 la journ\u00e9e portes ouvertes.Profitez de cette occasion pour (re)d\u00e9couvrir le Centre des Grands-Vents, ses espaces, les organismes qu&rsquo;il abrite et les ressources \u00e0 disposition. Nous vous pr\u00e9senterons [&hellip;]<\/p>\n","protected":false},"author":2,"featured_media":0,"comment_status":"open","ping_status":"open","sticky":false,"template":"","format":"standard","meta":{"footnotes":""},"categories":[91,72],"tags":[],"class_list":["post-6443","post","type-post","status-publish","format-standard","hentry","category-archive","category-evenements","entry"],"_links":{"self":[{"href":"https:\/\/acfsj.ca\/fr\/wp-json\/wp\/v2\/posts\/6443","targetHints":{"allow":["GET"]}}],"collection":[{"href":"https:\/\/acfsj.ca\/fr\/wp-json\/wp\/v2\/posts"}],"about":[{"href":"https:\/\/acfsj.ca\/fr\/wp-json\/wp\/v2\/types\/post"}],"author":[{"embeddable":true,"href":"https:\/\/acfsj.ca\/fr\/wp-json\/wp\/v2\/users\/2"}],"replies":[{"embeddable":true,"href":"https:\/\/acfsj.ca\/fr\/wp-json\/wp\/v2\/comments?post=6443"}],"version-history":[{"count":1,"href":"https:\/\/acfsj.ca\/fr\/wp-json\/wp\/v2\/posts\/6443\/revisions"}],"predecessor-version":[{"id":31757,"href":"https:\/\/acfsj.ca\/fr\/wp-json\/wp\/v2\/posts\/6443\/revisions\/31757"}],"wp:attachment":[{"href":"https:\/\/acfsj.ca\/fr\/wp-json\/wp\/v2\/media?parent=6443"}],"wp:term":[{"taxonomy":"category","embeddable":true,"href":"https:\/\/acfsj.ca\/fr\/wp-json\/wp\/v2\/categories?post=6443"},{"taxonomy":"post_tag","embeddable":true,"href":"https:\/\/acfsj.ca\/fr\/wp-json\/wp\/v2\/tags?post=6443"}],"curies":[{"name":"wp","href":"https:\/\/api.w.org\/{rel}","templated":true}]}}