{"id":11600,"date":"2026-01-05T08:19:18","date_gmt":"2026-01-05T11:49:18","guid":{"rendered":"https:\/\/acfsj.ca\/?p=11600"},"modified":"2026-08-27T11:37:45","modified_gmt":"2026-08-27T14:07:45","slug":"apprendre-le-francais-avec-lacfsj","status":"publish","type":"post","link":"https:\/\/acfsj.ca\/fr\/apprendre-le-francais-avec-lacfsj\/","title":{"rendered":"\u00a0APPRENDRE LE FRAN\u00c7AIS AVEC L\u2019ACFSJ\u00a0"},"content":{"rendered":"\t\t<div data-elementor-type=\"wp-post\" data-elementor-id=\"11600\" class=\"elementor elementor-11600\" data-elementor-post-type=\"post\">\n\t\t\t\t<div class=\"elementor-element elementor-element-9f352ab e-flex e-con-boxed e-con e-parent\" data-id=\"9f352ab\" data-element_type=\"container\" data-e-type=\"container\">\n\t\t\t\t\t<div class=\"e-con-inner\">\n\t\t<div class=\"elementor-element elementor-element-1e1a75e e-con-full e-flex e-con e-child\" data-id=\"1e1a75e\" data-element_type=\"container\" data-e-type=\"container\">\n\t\t\t\t<div class=\"elementor-element elementor-element-7192a4f elementor-widget elementor-widget-heading\" data-id=\"7192a4f\" data-element_type=\"widget\" data-e-type=\"widget\" data-widget_type=\"heading.default\">\n\t\t\t\t\t<h2 class=\"elementor-heading-title elementor-size-default\">INSCRIPTIONS OUVERTES <\/h2>\t\t\t\t<\/div>\n\t\t\t\t<div class=\"elementor-element elementor-element-125e57d elementor-widget elementor-widget-toggle\" data-id=\"125e57d\" data-element_type=\"widget\" data-e-type=\"widget\" data-widget_type=\"toggle.default\">\n\t\t\t\t\t\t\t<div class=\"elementor-toggle\">\n\t\t\t\t\t\t\t<div class=\"elementor-toggle-item\">\n\t\t\t\t\t<div id=\"elementor-tab-title-1921\" class=\"elementor-tab-title\" data-tab=\"1\" role=\"button\" aria-controls=\"elementor-tab-content-1921\" aria-expanded=\"false\">\n\t\t\t\t\t\t\t\t\t\t\t\t<span class=\"elementor-toggle-icon elementor-toggle-icon-left\" aria-hidden=\"true\">\n\t\t\t\t\t\t\t\t\t\t\t\t\t\t\t<span class=\"elementor-toggle-icon-closed\"><svg class=\"e-font-icon-svg e-fas-caret-right\" viewBox=\"0 0 192 512\" xmlns=\"http:\/\/www.w3.org\/2000\/svg\"><path d=\"M0 384.662V127.338c0-17.818 21.543-26.741 34.142-14.142l128.662 128.662c7.81 7.81 7.81 20.474 0 28.284L34.142 398.804C21.543 411.404 0 402.48 0 384.662z\"><\/path><\/svg><\/span>\n\t\t\t\t\t\t\t\t<span class=\"elementor-toggle-icon-opened\"><svg class=\"elementor-toggle-icon-opened e-font-icon-svg e-fas-caret-up\" viewBox=\"0 0 320 512\" xmlns=\"http:\/\/www.w3.org\/2000\/svg\"><path d=\"M288.662 352H31.338c-17.818 0-26.741-21.543-14.142-34.142l128.662-128.662c7.81-7.81 20.474-7.81 28.284 0l128.662 128.662c12.6 12.599 3.676 34.142-14.142 34.142z\"><\/path><\/svg><\/span>\n\t\t\t\t\t\t\t\t\t\t\t\t\t<\/span>\n\t\t\t\t\t\t\t\t\t\t\t\t<a class=\"elementor-toggle-title\" tabindex=\"0\">INSCRIPTIONS OUVERTES \u2013 COURS DE FRAN\u00c7AIS \u2013 AUTOMNE 2026<\/a>\n\t\t\t\t\t<\/div>\n\n\t\t\t\t\t<div id=\"elementor-tab-content-1921\" class=\"elementor-tab-content elementor-clearfix\" data-tab=\"1\" role=\"region\" aria-labelledby=\"elementor-tab-title-1921\"><h3>\u00a0Les inscriptions sont maintenant ouvertes !<\/h3><p class=\"isSelectedEnd\">Apprenez le fran\u00e7ais avec l\u2019ACFSJ, du <strong>niveau d\u00e9butant \u00e0 la conversation avanc\u00e9e<\/strong>.<\/p><ul data-spread=\"false\"><li><strong>13 semaines<\/strong><\/li><li><strong>1,5 h par semaine<\/strong><\/li><li>Cours en soir\u00e9e d\u00e8s <strong>17 h 30<\/strong><\/li><li><strong>En ligne ou en pr\u00e9sentiel<\/strong><\/li><li><strong>16 ans et plus<\/strong><\/li><li><strong>270 $ par session<\/strong><\/li><\/ul><p class=\"isSelectedEnd\">\ud83d\udcc5 <strong>D\u00e9but des cours : semaine du 14 septembre 2026<\/strong><\/p><h3>\ud83d\udcda Choisissez votre niveau<\/h3><p class=\"isSelectedEnd\">Pour plus d\u2019informations, <strong>cliquez sur le niveau qui vous correspond<\/strong> afin de consulter les horaires, les dates et les d\u00e9tails du cours.<\/p><h3>\ud83d\udcdd Inscription<\/h3><p class=\"isSelectedEnd\"><strong>En ligne :<\/strong> inscrivez-vous directement sur notre site Internet.<\/p><p class=\"isSelectedEnd\"><strong>En personne :<\/strong> rendez-vous au bureau de l\u2019ACFSJ, <strong>salle 254, CSC des Grands-Vents, 65 Ridge Road, Saint-Jean, T.-N.-L.<\/strong><\/p><p class=\"isSelectedEnd\">\u26a0\ufe0f <strong>Veuillez noter qu\u2019aucune inscription ne peut \u00eatre effectu\u00e9e par t\u00e9l\u00e9phone.<\/strong><\/p><p class=\"isSelectedEnd\">\ud83d\udcde 709-689-0439 \u2014 Pour toute question seulement<br \/>\u2709\ufe0f <a href=\"mailto:education@acfsj.ca\">education@acfsj.ca<\/a><\/p><p><strong>Parlez fran\u00e7ais. Cr\u00e9ez des liens. R\u00e9ussissez.<\/strong><\/p><\/div>\n\t\t\t\t<\/div>\n\t\t\t\t\t\t\t\t<\/div>\n\t\t\t\t\t\t<\/div>\n\t\t\t\t<div class=\"elementor-element elementor-element-57834fe elementor-widget elementor-widget-text-editor\" data-id=\"57834fe\" data-element_type=\"widget\" data-e-type=\"widget\" data-widget_type=\"text-editor.default\">\n\t\t\t\t\t\t\t\t\t<div style=\"position: relative; width: 100%; height: 0; padding-top: 100.0000%; padding-bottom: 0; box-shadow: 0 2px 8px 0 rgba(63,69,81,0.16); margin-top: 1.6em; margin-bottom: 0.9em; overflow: hidden; border-radius: 8px; will-change: transform;\"><iframe style=\"position: absolute; width: 100%; height: 100%; top: 0; left: 0; border: none; padding: 0; margin: 0;\" src=\"https:\/\/www.canva.com\/design\/DAHQrwXZhw4\/nii4SXtg7fBypbyJXkgczA\/view?embed\" allowfullscreen=\"allowfullscreen\"><br \/>\n  <\/iframe><\/div>\t\t\t\t\t\t\t\t<\/div>\n\t\t\t\t<div class=\"elementor-element elementor-element-47b2825 elementor-widget elementor-widget-toggle\" data-id=\"47b2825\" data-element_type=\"widget\" data-e-type=\"widget\" data-widget_type=\"toggle.default\">\n\t\t\t\t\t\t\t<div class=\"elementor-toggle\">\n\t\t\t\t\t\t\t<div class=\"elementor-toggle-item\">\n\t\t\t\t\t<div id=\"elementor-tab-title-7511\" class=\"elementor-tab-title\" data-tab=\"1\" role=\"button\" aria-controls=\"elementor-tab-content-7511\" aria-expanded=\"false\">\n\t\t\t\t\t\t\t\t\t\t\t\t<span class=\"elementor-toggle-icon elementor-toggle-icon-left\" aria-hidden=\"true\">\n\t\t\t\t\t\t\t\t\t\t\t\t\t\t\t<span class=\"elementor-toggle-icon-closed\"><svg class=\"e-font-icon-svg e-fas-caret-right\" viewBox=\"0 0 192 512\" xmlns=\"http:\/\/www.w3.org\/2000\/svg\"><path d=\"M0 384.662V127.338c0-17.818 21.543-26.741 34.142-14.142l128.662 128.662c7.81 7.81 7.81 20.474 0 28.284L34.142 398.804C21.543 411.404 0 402.48 0 384.662z\"><\/path><\/svg><\/span>\n\t\t\t\t\t\t\t\t<span class=\"elementor-toggle-icon-opened\"><svg class=\"elementor-toggle-icon-opened e-font-icon-svg e-fas-caret-up\" viewBox=\"0 0 320 512\" xmlns=\"http:\/\/www.w3.org\/2000\/svg\"><path d=\"M288.662 352H31.338c-17.818 0-26.741-21.543-14.142-34.142l128.662-128.662c7.81-7.81 20.474-7.81 28.284 0l128.662 128.662c12.6 12.599 3.676 34.142-14.142 34.142z\"><\/path><\/svg><\/span>\n\t\t\t\t\t\t\t\t\t\t\t\t\t<\/span>\n\t\t\t\t\t\t\t\t\t\t\t\t<a class=\"elementor-toggle-title\" tabindex=\"0\">INFORMATION SUR LE COURS \u2013 D\u00c9BUTANT 1<\/a>\n\t\t\t\t\t<\/div>\n\n\t\t\t\t\t<div id=\"elementor-tab-content-7511\" class=\"elementor-tab-content elementor-clearfix\" data-tab=\"1\" role=\"region\" aria-labelledby=\"elementor-tab-title-7511\"><div id=\"wp-block-themeisle-blocks-tabs-5bfc6ead\" class=\"wp-block-themeisle-blocks-tabs\"><div class=\"wp-block-themeisle-blocks-tabs__content\"><div class=\"wp-block-themeisle-blocks-tabs-item\" style=\"box-sizing: border-box; margin: 0px; padding: 0px; border: 0px; outline: 0px; font-variant: inherit; font-stretch: inherit; line-height: inherit; font-optical-sizing: inherit; font-size-adjust: inherit; font-kerning: inherit; font-feature-settings: inherit; font-variation-settings: inherit; vertical-align: baseline; font-family: inherit; font-size: 14px; font-style: inherit; font-weight: inherit;\" data-title=\"&lt;strong&gt;Conversation avanc\u00e9e&lt;\/strong&gt;\"><div class=\"wp-block-themeisle-blocks-tabs-item__content\"><div id=\"wp-block-themeisle-blocks-tabs-0e050ec9\" class=\"wp-block-themeisle-blocks-tabs\"><div class=\"wp-block-themeisle-blocks-tabs__content\"><div class=\"wp-block-themeisle-blocks-tabs-item\" style=\"box-sizing: border-box; margin: 0px; padding: 0px; border: 0px; outline: 0px; font-variant: inherit; font-stretch: inherit; line-height: inherit; font-optical-sizing: inherit; font-size-adjust: inherit; font-kerning: inherit; font-feature-settings: inherit; font-variation-settings: inherit; vertical-align: baseline; font-family: inherit; font-size: 14px; font-style: inherit; font-weight: inherit;\" data-title=\"&lt;strong&gt;Printemps&lt;\/strong&gt;\"><div class=\"wp-block-themeisle-blocks-tabs-item__content\"><div id=\"wp-block-themeisle-blocks-advanced-columns-08cb72cd\" class=\"wp-block-themeisle-blocks-advanced-columns alignfull has-2-columns has-desktop-equal-layout has-tablet-equal-layout has-mobile-collapsedRows-layout has-vertical-center ticss-c00aadba\"><div class=\"innerblocks-wrap\"><div id=\"wp-block-themeisle-blocks-advanced-column-d347dd2e\" class=\"wp-block-themeisle-blocks-advanced-column\"><div class=\"wp-block-buttons is-vertical is-content-justification-center is-layout-flex wp-container-core-buttons-is-layout-47 wp-block-buttons-is-layout-flex\"><div class=\"wp-block-button\"><h2 data-start=\"89\" data-end=\"130\"><span style=\"text-decoration: underline;\">INFORMATIONS SUR LE COURS \u2013 D\u00c9BUTANT 1<\/span><\/h2><p data-start=\"132\" data-end=\"500\"><em>Ce cours, dispens\u00e9 \u00e0 travers une approche th\u00e9matique, offre les bases de la conversation en fran\u00e7ais. L\u2019accent sera mis sur les comp\u00e9tences orales, l\u2019\u00e9coute et l\u2019expression orale, avec une int\u00e9gration des activit\u00e9s de lecture et d\u2019\u00e9criture. L\u2019environnement est agr\u00e9able, d\u00e9tendu et sans risque. Il n\u2019y a pas de pr\u00e9requis pour ce cours. Ce cours se d\u00e9roule en fran\u00e7ais.<\/em><\/p><p data-start=\"502\" data-end=\"1458\">\u00c0 la fin du cours, les participants seront capables de :<br data-start=\"558\" data-end=\"561\" \/>\u2714\ufe0f Saluer quelqu\u2019un et lui dire au revoir<br data-start=\"602\" data-end=\"605\" \/>\u2714\ufe0f Se pr\u00e9senter et pr\u00e9senter les autres (famille et amis)<br data-start=\"662\" data-end=\"665\" \/>\u2714\ufe0f Se familiariser avec des expressions de la vie quotidienne (ex. m\u00e9t\u00e9o)<br data-start=\"738\" data-end=\"741\" \/>\u2714\ufe0f Dire comment ils se sentent (expressions li\u00e9es aux parties du corps)<br data-start=\"812\" data-end=\"815\" \/>\u2714\ufe0f Poser des questions simples sur des d\u00e9tails personnels et y r\u00e9pondre<br data-start=\"886\" data-end=\"889\" \/>\u2714\ufe0f D\u00e9crire soi-m\u00eame et les autres (y compris les v\u00eatements, couleurs)<br data-start=\"958\" data-end=\"961\" \/>\u2714\ufe0f Donner et demander des informations de base (nom, email, t\u00e9l\u00e9phone, \u00e2ge, nationalit\u00e9, profession, etc.)<br data-start=\"1067\" data-end=\"1070\" \/>\u2714\ufe0f Exprimer ses go\u00fbts et ses aversions<br data-start=\"1108\" data-end=\"1111\" \/>\u2714\ufe0f Parler bri\u00e8vement des activit\u00e9s quotidiennes et des loisirs<br data-start=\"1173\" data-end=\"1176\" \/>\u2714\ufe0f Utiliser des expressions li\u00e9es aux achats et aux prix<br data-start=\"1232\" data-end=\"1235\" \/>\u2714\ufe0f Donner et demander la date et l\u2019heure<br data-start=\"1275\" data-end=\"1278\" \/>\u2714\ufe0f Donner des ordres et suivre des instructions<br data-start=\"1325\" data-end=\"1328\" \/>\u2714\ufe0f Demander et donner des indications<br data-start=\"1365\" data-end=\"1368\" \/>\u2714\ufe0f Se familiariser avec le vocabulaire li\u00e9 \u00e0 la maison et au foyer<br data-start=\"1434\" data-end=\"1437\" \/>\u2714\ufe0f Mener un entretien<\/p><h2 class=\"PDq2pG_selectionAnchorContainer\" data-section-id=\"88mzko\" data-start=\"0\" data-end=\"56\">AUTOMNE 2026 \u2014 FRAN\u00c7AIS D\u00c9BUTANT 1<\/h2><p data-start=\"251\" data-end=\"377\"><strong data-start=\"251\" data-end=\"274\">Cours en personne :<\/strong><br data-start=\"274\" data-end=\"277\" \/>\ud83d\udcc5 Du 16 septembre au 16 d\u00e9cembre 2026<br data-start=\"315\" data-end=\"318\" \/>\ud83d\udd60 Les mercredis, de <strong data-start=\"339\" data-end=\"357\">17 h 20 \u00e0 19h<\/strong><br data-start=\"357\" data-end=\"360\" \/>\ud83d\udc69\u200d\ud83c\udfeb Lisa Wagner<br \/><strong style=\"font-family: inherit; font-style: inherit; font-variant-ligatures: inherit; font-variant-caps: inherit;\" data-start=\"0\" data-end=\"22\" data-is-only-node=\"\">Jours sans cours :<\/strong><span style=\"font-family: inherit; font-style: inherit; font-variant-ligatures: inherit; font-variant-caps: inherit; font-weight: inherit;\"> 30 septembre et 11 novembre.<\/span><\/p><p data-start=\"379\" data-end=\"499\"><strong data-start=\"379\" data-end=\"399\">Cours en ligne :<\/strong><br data-start=\"399\" data-end=\"402\" \/>\ud83d\udcc5 Du 17 septembre au 10 d\u00e9cembre 2026<br data-start=\"440\" data-end=\"443\" \/>\ud83d\udd60 Les jeudis, de <strong data-start=\"461\" data-end=\"479\">17 h 30 \u00e0 19 h<\/strong><br data-start=\"479\" data-end=\"482\" \/>\ud83d\udc69\u200d\ud83c\udfeb Lisa Wagner<\/p><h3 class=\"\" data-section-id=\"1x5j6n0\" data-start=\"0\" data-end=\"65\"><span role=\"text\"><strong data-start=\"4\" data-end=\"65\">PROCHAINES SAISONS \u2014<\/strong><\/span>FRAN\u00c7AIS D\u00c9BUTANT 1<\/h3><div class=\"group TyagGW_tableContainer\"><div class=\"TyagGW_tableWrapper flex flex-col-reverse w-fit\" tabindex=\"-1\"><table class=\"w-fit min-w-(--thread-content-width)\" style=\"height: 201px;\" width=\"1673\" data-start=\"525\" data-end=\"990\"><thead data-start=\"525\" data-end=\"574\"><tr data-start=\"525\" data-end=\"574\"><th class=\"last:pe-10\" data-start=\"525\" data-end=\"534\" data-col-size=\"sm\">Saison<\/th><th class=\"last:pe-10\" data-start=\"534\" data-end=\"543\" data-col-size=\"sm\">Format<\/th><th class=\"last:pe-10\" data-start=\"543\" data-end=\"551\" data-col-size=\"sm\">Dates<\/th><th class=\"last:pe-10\" data-start=\"551\" data-end=\"561\" data-col-size=\"sm\">Horaire<\/th><th class=\"last:pe-10\" data-start=\"561\" data-end=\"574\" data-col-size=\"sm\">Formateur<\/th><\/tr><\/thead><tbody data-start=\"597\" data-end=\"990\"><tr data-start=\"597\" data-end=\"690\"><td data-start=\"597\" data-end=\"614\" data-col-size=\"sm\"><strong data-start=\"599\" data-end=\"613\">Hiver 2027<\/strong><\/td><td data-col-size=\"sm\" data-start=\"614\" data-end=\"628\">En personne<\/td><td data-col-size=\"sm\" data-start=\"628\" data-end=\"648\">13 janv. \u2013 7 avr.<\/td><td data-col-size=\"sm\" data-start=\"648\" data-end=\"675\">Mercredi, 17 h 30 \u2013 19 h<\/td><td data-col-size=\"sm\" data-start=\"675\" data-end=\"690\">Lisa Wagner<\/td><\/tr><tr data-start=\"691\" data-end=\"778\"><td data-start=\"691\" data-end=\"708\" data-col-size=\"sm\"><strong data-start=\"693\" data-end=\"707\">Hiver 2027<\/strong><\/td><td data-start=\"708\" data-end=\"719\" data-col-size=\"sm\">En ligne<\/td><td data-col-size=\"sm\" data-start=\"719\" data-end=\"739\">14 janv. \u2013 8 avr.<\/td><td data-col-size=\"sm\" data-start=\"739\" data-end=\"763\">Jeudi, 17 h 30 \u2013 19 h<\/td><td data-col-size=\"sm\" data-start=\"763\" data-end=\"778\">Lisa Wagner<\/td><\/tr><tr data-start=\"779\" data-end=\"883\"><td data-start=\"779\" data-end=\"800\" data-col-size=\"sm\"><strong data-start=\"781\" data-end=\"799\">Printemps 2027<\/strong><\/td><td data-start=\"800\" data-end=\"814\" data-col-size=\"sm\">En personne<\/td><td data-col-size=\"sm\" data-start=\"814\" data-end=\"832\">3 mai \u2013 28 juin<\/td><td data-col-size=\"sm\" data-start=\"832\" data-end=\"868\">Lundi et mercredi, 17 h 30 \u2013 19 h<\/td><td data-col-size=\"sm\" data-start=\"868\" data-end=\"883\">Lisa Wagner<\/td><\/tr><tr data-start=\"884\" data-end=\"990\"><td data-start=\"884\" data-end=\"905\" data-col-size=\"sm\"><strong data-start=\"886\" data-end=\"904\">Printemps 2027<\/strong><\/td><td data-col-size=\"sm\" data-start=\"905\" data-end=\"916\">En ligne<\/td><td data-col-size=\"sm\" data-start=\"916\" data-end=\"934\">3 mai \u2013 28 juin<\/td><td data-col-size=\"sm\" data-start=\"934\" data-end=\"970\">Lundi et mercredi, 17 h 30 \u2013 19 h<\/td><td data-col-size=\"sm\" data-start=\"970\" data-end=\"990\">Terry Capand\u00e9guy<\/td><\/tr><\/tbody><\/table><\/div><\/div><p data-start=\"268\" data-end=\"320\" data-is-last-node=\"\" data-is-only-node=\"\"><strong data-start=\"268\" data-end=\"288\"><br \/>Renseignements :<\/strong> <a class=\"decorated-link\" href=\"mailto:culture@acfsj.ca\" rel=\"noopener\" data-start=\"289\" data-end=\"305\">culture@acfsj.ca<\/a> | 709-726-4900<\/p><p data-start=\"268\" data-end=\"320\" data-is-last-node=\"\" data-is-only-node=\"\"><strong data-start=\"1093\" data-end=\"1103\">Note :<\/strong> Les dates et horaires peuvent \u00eatre sujets \u00e0 changement. Les jours sans cours seront indiqu\u00e9s lors de l\u2019inscription.<\/p><p class=\"isSelectedEnd\">\u00a0<\/p><\/div><\/div><\/div><\/div><\/div><\/div><\/div><\/div><\/div><\/div><\/div><\/div><\/div><\/div>\n\t\t\t\t<\/div>\n\t\t\t\t\t\t\t<div class=\"elementor-toggle-item\">\n\t\t\t\t\t<div id=\"elementor-tab-title-7512\" class=\"elementor-tab-title\" data-tab=\"2\" role=\"button\" aria-controls=\"elementor-tab-content-7512\" aria-expanded=\"false\">\n\t\t\t\t\t\t\t\t\t\t\t\t<span class=\"elementor-toggle-icon elementor-toggle-icon-left\" aria-hidden=\"true\">\n\t\t\t\t\t\t\t\t\t\t\t\t\t\t\t<span class=\"elementor-toggle-icon-closed\"><svg class=\"e-font-icon-svg e-fas-caret-right\" viewBox=\"0 0 192 512\" xmlns=\"http:\/\/www.w3.org\/2000\/svg\"><path d=\"M0 384.662V127.338c0-17.818 21.543-26.741 34.142-14.142l128.662 128.662c7.81 7.81 7.81 20.474 0 28.284L34.142 398.804C21.543 411.404 0 402.48 0 384.662z\"><\/path><\/svg><\/span>\n\t\t\t\t\t\t\t\t<span class=\"elementor-toggle-icon-opened\"><svg class=\"elementor-toggle-icon-opened e-font-icon-svg e-fas-caret-up\" viewBox=\"0 0 320 512\" xmlns=\"http:\/\/www.w3.org\/2000\/svg\"><path d=\"M288.662 352H31.338c-17.818 0-26.741-21.543-14.142-34.142l128.662-128.662c7.81-7.81 20.474-7.81 28.284 0l128.662 128.662c12.6 12.599 3.676 34.142-14.142 34.142z\"><\/path><\/svg><\/span>\n\t\t\t\t\t\t\t\t\t\t\t\t\t<\/span>\n\t\t\t\t\t\t\t\t\t\t\t\t<a class=\"elementor-toggle-title\" tabindex=\"0\">INFORMATION SUR LE COURS \u2013 D\u00c9BUTANT 2<\/a>\n\t\t\t\t\t<\/div>\n\n\t\t\t\t\t<div id=\"elementor-tab-content-7512\" class=\"elementor-tab-content elementor-clearfix\" data-tab=\"2\" role=\"region\" aria-labelledby=\"elementor-tab-title-7512\"><div id=\"wp-block-themeisle-blocks-tabs-5bfc6ead\" class=\"wp-block-themeisle-blocks-tabs\"><div class=\"wp-block-themeisle-blocks-tabs__content\"><div class=\"wp-block-themeisle-blocks-tabs-item\" style=\"box-sizing: border-box; margin: 0px; padding: 0px; border: 0px; outline: 0px; font-variant: inherit; font-stretch: inherit; line-height: inherit; font-optical-sizing: inherit; font-size-adjust: inherit; font-kerning: inherit; font-feature-settings: inherit; font-variation-settings: inherit; vertical-align: baseline; font-family: inherit; font-size: 14px; font-style: inherit; font-weight: inherit;\" data-title=\"&lt;strong&gt;D\u00e9butant 1&lt;\/strong&gt;\"><div class=\"wp-block-themeisle-blocks-tabs-item__content\"><div id=\"wp-block-themeisle-blocks-tabs-81822bac\" class=\"wp-block-themeisle-blocks-tabs\"><div class=\"wp-block-themeisle-blocks-tabs__content\"><div class=\"wp-block-themeisle-blocks-tabs-item\" style=\"box-sizing: border-box; margin: 0px; padding: 0px; border: 0px; outline: 0px; font-variant: inherit; font-stretch: inherit; line-height: inherit; font-optical-sizing: inherit; font-size-adjust: inherit; font-kerning: inherit; font-feature-settings: inherit; font-variation-settings: inherit; vertical-align: baseline; font-family: inherit; font-size: 14px; font-style: inherit; font-weight: inherit;\" data-title=\"&lt;strong&gt;Printemps&lt;\/strong&gt;\"><div class=\"wp-block-themeisle-blocks-tabs-item__content\"><div id=\"wp-block-themeisle-blocks-advanced-columns-4c9ea07f\" class=\"wp-block-themeisle-blocks-advanced-columns alignfull has-2-columns has-desktop-equal-layout has-tablet-equal-layout has-mobile-collapsedRows-layout has-vertical-center ticss-c00aadba\"><div class=\"innerblocks-wrap\"><div id=\"wp-block-themeisle-blocks-advanced-column-f85ca189\" class=\"wp-block-themeisle-blocks-advanced-column\"><div class=\"wp-block-buttons is-content-justification-center is-layout-flex wp-container-core-buttons-is-layout-9 wp-block-buttons-is-layout-flex\"><div class=\"wp-block-button\"><h2 data-start=\"123\" data-end=\"164\"><span style=\"text-decoration: underline;\">INFORMATIONS SUR LE COURS \u2013 D\u00c9BUTANT 2<\/span><\/h2><p data-start=\"166\" data-end=\"562\"><em>Ce cours, dispens\u00e9 selon une approche th\u00e9matique, s\u2019appuie sur le contenu du niveau D\u00e9butant 1. L\u2019accent sera mis sur les comp\u00e9tences orales, l\u2019\u00e9coute et l\u2019expression orale, avec l\u2019int\u00e9gration d\u2019activit\u00e9s de lecture et d\u2019\u00e9criture. L\u2019environnement est agr\u00e9able, d\u00e9tendu et sans risque. Le niveau D\u00e9butant 1 ou une exp\u00e9rience similaire du fran\u00e7ais est un pr\u00e9requis. Ce cours se d\u00e9roule en fran\u00e7ais.<\/em><\/p><p data-start=\"564\" data-end=\"1524\">\u00c0 la fin du cours, les participants seront capables de :<br data-start=\"620\" data-end=\"623\" \/>\u2714\ufe0f Exprimer des besoins personnels<br data-start=\"657\" data-end=\"660\" \/>\u2714\ufe0f Indiquer des quantit\u00e9s<br data-start=\"685\" data-end=\"688\" \/>\u2714\ufe0f Parler et \u00e9crire sur des \u00e9v\u00e9nements pass\u00e9s<br data-start=\"733\" data-end=\"736\" \/>\u2714\ufe0f Exprimer et demander des opinions, faire des compliments<br data-start=\"795\" data-end=\"798\" \/>\u2714\ufe0f Parler de la nourriture<br data-start=\"824\" data-end=\"827\" \/>\u2714\ufe0f Discuter de la routine quotidienne (pr\u00e9sente et pass\u00e9e)<br data-start=\"885\" data-end=\"888\" \/>\u2714\ufe0f Demander, donner et refuser la permission<br data-start=\"932\" data-end=\"935\" \/>\u2714\ufe0f Exprimer une obligation<br data-start=\"961\" data-end=\"964\" \/>\u2714\ufe0f Accepter et refuser une proposition<br data-start=\"1002\" data-end=\"1005\" \/>\u2714\ufe0f Lire et \u00e9crire une publicit\u00e9<br data-start=\"1036\" data-end=\"1039\" \/>\u2714\ufe0f Expliquer comment r\u00e9ussir une activit\u00e9<br data-start=\"1080\" data-end=\"1083\" \/>\u2714\ufe0f Exprimer des go\u00fbts et des d\u00e9go\u00fbts<br data-start=\"1119\" data-end=\"1122\" \/>\u2714\ufe0f Exprimer la fr\u00e9quence et l\u2019intensit\u00e9<br data-start=\"1161\" data-end=\"1164\" \/>\u2714\ufe0f Donner des conseils<br data-start=\"1186\" data-end=\"1189\" \/>\u2714\ufe0f Parler et \u00e9crire sur les loisirs<br data-start=\"1224\" data-end=\"1227\" \/>\u2714\ufe0f Parler et \u00e9crire sur les vacances<br data-start=\"1263\" data-end=\"1266\" \/>\u2714\ufe0f Parler d\u2019un \u00e9v\u00e9nement r\u00e9cent<br data-start=\"1297\" data-end=\"1300\" \/>\u2714\ufe0f D\u00e9crire des \u00e9v\u00e9nements habituels dans le pass\u00e9<br data-start=\"1349\" data-end=\"1352\" \/>\u2714\ufe0f D\u00e9crire les circonstances d\u2019actions pass\u00e9es<br data-start=\"1398\" data-end=\"1401\" \/>\u2714\ufe0f Parler de souvenirs d\u2019enfance<br data-start=\"1433\" data-end=\"1436\" \/>\u2714\ufe0f Parler et \u00e9crire sur des \u00e9v\u00e9nements futurs<br data-start=\"1481\" data-end=\"1484\" \/>\u2714\ufe0f Parler des pr\u00e9visions m\u00e9t\u00e9orologiques<\/p><h2 data-start=\"1688\" data-end=\"1709\">AUTOMNE 2026 \u2014 FRAN\u00c7AIS D\u00c9BUTANT 2<\/h2><p data-start=\"971\" data-end=\"1135\"><strong data-start=\"971\" data-end=\"994\">Cours en personne :<\/strong><br data-start=\"994\" data-end=\"997\" \/>\ud83d\udcc5 Du 16 septembre au 16 d\u00e9cembre 2026<br data-start=\"1034\" data-end=\"1037\" \/>\ud83d\udd60 Les mercredis, de <strong data-start=\"1058\" data-end=\"1079\">19 h 15 \u00e0 20 h 55<\/strong><br data-start=\"1079\" data-end=\"1082\" \/>\ud83d\udc69\u200d\ud83c\udfeb Lisa Wagner<br \/><strong style=\"font-family: inherit; font-style: inherit; font-variant-ligatures: inherit; font-variant-caps: inherit;\" data-start=\"0\" data-end=\"22\" data-is-only-node=\"\">Jours sans cours :<\/strong><span style=\"font-family: inherit; font-style: inherit; font-variant-ligatures: inherit; font-variant-caps: inherit; font-weight: inherit;\"> 30 septembre et 11 novembre.<\/span><\/p><p data-start=\"1137\" data-end=\"1290\"><strong data-start=\"1137\" data-end=\"1157\">Cours en ligne :<\/strong><br data-start=\"1157\" data-end=\"1160\" \/>\ud83d\udcc5 Du 17 septembre au 10 d\u00e9cembre 2026<br data-start=\"1198\" data-end=\"1201\" \/>\ud83d\udd60 Les jeudis, de <strong data-start=\"1219\" data-end=\"1240\">19 h 15 \u00e0 20 h 45<\/strong><br data-start=\"1240\" data-end=\"1243\" \/>\ud83d\udc69\u200d\ud83c\udfeb Lisa Wagner<br data-start=\"1260\" data-end=\"1263\" \/><strong data-start=\"1263\" data-end=\"1284\">Jour sans cours :<\/strong> Aucun<\/p><h3 class=\"\" data-section-id=\"1x5j6n0\" data-start=\"0\" data-end=\"65\"><span role=\"text\"><strong data-start=\"4\" data-end=\"65\">PROCHAINES SAISONS \u2014<\/strong><\/span>FRAN\u00c7AIS D\u00c9BUTANT 2<\/h3><div class=\"group TyagGW_tableContainer\"><div class=\"TyagGW_tableWrapper flex flex-col-reverse w-fit\" tabindex=\"-1\"><table class=\"w-fit min-w-(--thread-content-width)\" style=\"height: 167px;\" width=\"1221\" data-start=\"1316\" data-end=\"1868\"><thead data-start=\"1316\" data-end=\"1394\"><tr data-start=\"1316\" data-end=\"1394\"><th class=\"last:pe-10\" data-start=\"1316\" data-end=\"1325\" data-col-size=\"sm\">Saison<\/th><th class=\"last:pe-10\" data-start=\"1325\" data-end=\"1334\" data-col-size=\"sm\">Format<\/th><th class=\"last:pe-10\" data-start=\"1334\" data-end=\"1342\" data-col-size=\"sm\">Dates<\/th><th class=\"last:pe-10\" data-start=\"1342\" data-end=\"1352\" data-col-size=\"sm\">Jour(s)<\/th><th class=\"last:pe-10\" data-start=\"1352\" data-end=\"1362\" data-col-size=\"sm\">Horaire<\/th><th class=\"last:pe-10\" data-start=\"1362\" data-end=\"1374\" data-col-size=\"sm\">Formateur<\/th><th class=\"last:pe-10\" data-start=\"1374\" data-end=\"1394\" data-col-size=\"sm\">Jours sans cours<\/th><\/tr><\/thead><tbody data-start=\"1425\" data-end=\"1868\"><tr data-start=\"1425\" data-end=\"1530\"><td data-start=\"1425\" data-end=\"1442\" data-col-size=\"sm\"><strong data-start=\"1427\" data-end=\"1441\">Hiver 2027<\/strong><\/td><td data-col-size=\"sm\" data-start=\"1442\" data-end=\"1456\">En personne<\/td><td data-col-size=\"sm\" data-start=\"1456\" data-end=\"1476\">13 janv. \u2013 7 avr.<\/td><td data-col-size=\"sm\" data-start=\"1476\" data-end=\"1487\">Mercredi<\/td><td data-col-size=\"sm\" data-start=\"1487\" data-end=\"1507\">19 h 15 \u2013 20 h 45<\/td><td data-col-size=\"sm\" data-start=\"1507\" data-end=\"1521\">Lisa Wagner<\/td><td data-col-size=\"sm\" data-start=\"1521\" data-end=\"1530\">Aucun<\/td><\/tr><tr data-start=\"1531\" data-end=\"1630\"><td data-start=\"1531\" data-end=\"1548\" data-col-size=\"sm\"><strong data-start=\"1533\" data-end=\"1547\">Hiver 2027<\/strong><\/td><td data-start=\"1548\" data-end=\"1559\" data-col-size=\"sm\">En ligne<\/td><td data-col-size=\"sm\" data-start=\"1559\" data-end=\"1579\">14 janv. \u2013 8 avr.<\/td><td data-col-size=\"sm\" data-start=\"1579\" data-end=\"1587\">Jeudi<\/td><td data-col-size=\"sm\" data-start=\"1587\" data-end=\"1607\">19 h 15 \u2013 20 h 45<\/td><td data-col-size=\"sm\" data-start=\"1607\" data-end=\"1621\">Lisa Wagner<\/td><td data-col-size=\"sm\" data-start=\"1621\" data-end=\"1630\">Aucun<\/td><\/tr><tr data-start=\"1631\" data-end=\"1748\"><td data-start=\"1631\" data-end=\"1652\" data-col-size=\"sm\"><strong data-start=\"1633\" data-end=\"1651\">Printemps 2027<\/strong><\/td><td data-start=\"1652\" data-end=\"1666\" data-col-size=\"sm\">En personne<\/td><td data-col-size=\"sm\" data-start=\"1666\" data-end=\"1684\">3 mai \u2013 28 juin<\/td><td data-col-size=\"sm\" data-start=\"1684\" data-end=\"1704\">Lundi et mercredi<\/td><td data-col-size=\"sm\" data-start=\"1704\" data-end=\"1724\">19 h 15 \u2013 20 h 45<\/td><td data-col-size=\"sm\" data-start=\"1724\" data-end=\"1738\">Lisa Wagner<\/td><td data-col-size=\"sm\" data-start=\"1738\" data-end=\"1748\">24 mai<\/td><\/tr><tr data-start=\"1749\" data-end=\"1868\"><td data-start=\"1749\" data-end=\"1770\" data-col-size=\"sm\"><strong data-start=\"1751\" data-end=\"1769\">Printemps 2027<\/strong><\/td><td data-start=\"1770\" data-end=\"1781\" data-col-size=\"sm\">En ligne<\/td><td data-col-size=\"sm\" data-start=\"1781\" data-end=\"1799\">3 mai \u2013 28 juin<\/td><td data-col-size=\"sm\" data-start=\"1799\" data-end=\"1819\">Lundi et mercredi<\/td><td data-col-size=\"sm\" data-start=\"1819\" data-end=\"1839\">19 h 15 \u2013 20 h 45<\/td><td data-col-size=\"sm\" data-start=\"1839\" data-end=\"1858\">Terry Capand\u00e9guy<\/td><td data-col-size=\"sm\" data-start=\"1858\" data-end=\"1868\">24 mai<\/td><\/tr><\/tbody><\/table><\/div><\/div><p data-start=\"268\" data-end=\"320\" data-is-last-node=\"\" data-is-only-node=\"\"><strong data-start=\"268\" data-end=\"288\">Renseignements :<\/strong> <a class=\"decorated-link\" href=\"mailto:culture@acfsj.ca\" rel=\"noopener\" data-start=\"289\" data-end=\"305\">culture@acfsj.ca<\/a> | 709-726-4900<\/p><p data-start=\"268\" data-end=\"320\" data-is-last-node=\"\" data-is-only-node=\"\"><strong data-start=\"1093\" data-end=\"1103\">Note :<\/strong> Les dates et horaires peuvent \u00eatre sujets \u00e0 changement. Les jours sans cours seront indiqu\u00e9s lors de l\u2019inscription.<\/p><\/div><\/div><\/div><\/div><\/div><\/div><\/div><\/div><\/div><\/div><\/div><div class=\"wp-block-themeisle-blocks-tabs-item\" style=\"box-sizing: border-box; margin: 0px; padding: 0px; border: 0px; outline: 0px; font-variant: inherit; font-stretch: inherit; line-height: inherit; font-optical-sizing: inherit; font-size-adjust: inherit; font-kerning: inherit; font-feature-settings: inherit; font-variation-settings: inherit; vertical-align: baseline; font-family: inherit; font-size: 14px; font-style: inherit; font-weight: inherit;\" data-title=\"&lt;strong&gt;D\u00e9butant 2&lt;\/strong&gt;\"><div class=\"wp-block-themeisle-blocks-tabs-item__content\"><div id=\"wp-block-themeisle-blocks-tabs-3277e109\" class=\"wp-block-themeisle-blocks-tabs\">\u00a0<\/div><\/div><\/div><\/div><\/div><\/div>\n\t\t\t\t<\/div>\n\t\t\t\t\t\t\t<div class=\"elementor-toggle-item\">\n\t\t\t\t\t<div id=\"elementor-tab-title-7513\" class=\"elementor-tab-title\" data-tab=\"3\" role=\"button\" aria-controls=\"elementor-tab-content-7513\" aria-expanded=\"false\">\n\t\t\t\t\t\t\t\t\t\t\t\t<span class=\"elementor-toggle-icon elementor-toggle-icon-left\" aria-hidden=\"true\">\n\t\t\t\t\t\t\t\t\t\t\t\t\t\t\t<span class=\"elementor-toggle-icon-closed\"><svg class=\"e-font-icon-svg e-fas-caret-right\" viewBox=\"0 0 192 512\" xmlns=\"http:\/\/www.w3.org\/2000\/svg\"><path d=\"M0 384.662V127.338c0-17.818 21.543-26.741 34.142-14.142l128.662 128.662c7.81 7.81 7.81 20.474 0 28.284L34.142 398.804C21.543 411.404 0 402.48 0 384.662z\"><\/path><\/svg><\/span>\n\t\t\t\t\t\t\t\t<span class=\"elementor-toggle-icon-opened\"><svg class=\"elementor-toggle-icon-opened e-font-icon-svg e-fas-caret-up\" viewBox=\"0 0 320 512\" xmlns=\"http:\/\/www.w3.org\/2000\/svg\"><path d=\"M288.662 352H31.338c-17.818 0-26.741-21.543-14.142-34.142l128.662-128.662c7.81-7.81 20.474-7.81 28.284 0l128.662 128.662c12.6 12.599 3.676 34.142-14.142 34.142z\"><\/path><\/svg><\/span>\n\t\t\t\t\t\t\t\t\t\t\t\t\t<\/span>\n\t\t\t\t\t\t\t\t\t\t\t\t<a class=\"elementor-toggle-title\" tabindex=\"0\">INFORMATIONS SUR LE COURS \u2013 D\u00c9BUTANT 3<\/a>\n\t\t\t\t\t<\/div>\n\n\t\t\t\t\t<div id=\"elementor-tab-content-7513\" class=\"elementor-tab-content elementor-clearfix\" data-tab=\"3\" role=\"region\" aria-labelledby=\"elementor-tab-title-7513\"><h2 data-turn-id-container=\"a3c764c0-2ae1-494b-9e22-27dbb3b323b4\" data-is-intersecting=\"true\">INFORMATIONS SUR LE COURS D\u00c9BUTANT 3<\/h2><div class=\"\" data-turn-id-container=\"request-WEB:ca14880f-1930-4511-b3c3-27f5546bc098-14\" data-is-intersecting=\"true\"><section class=\"text-token-text-primary w-full focus:outline-none has-data-writing-block:pointer-events-none [&amp;:has([data-writing-block])&gt;*]:pointer-events-auto R6Vx5W_threadScrollVars scroll-mb-[calc(var(--scroll-root-safe-area-inset-bottom,0px)+var(--thread-response-height))] scroll-mt-[calc(var(--header-height)+min(200px,max(70px,20svh)))]\" dir=\"auto\" data-turn-id=\"request-WEB:ca14880f-1930-4511-b3c3-27f5546bc098-14\" data-turn-id-container=\"request-WEB:ca14880f-1930-4511-b3c3-27f5546bc098-14\" data-testid=\"conversation-turn-30\" data-turn=\"assistant\"><div class=\"text-base my-auto mx-auto pb-8 [--thread-content-margin:var(--thread-content-margin-xs,calc(var(--spacing)*4))] @w-sm\/main:[--thread-content-margin:var(--thread-content-margin-sm,calc(var(--spacing)*6))] @w-lg\/main:[--thread-content-margin:var(--thread-content-margin-lg,calc(var(--spacing)*16))] px-(--thread-content-margin)\"><div class=\"[--thread-content-max-width:40rem] @w-lg\/main:[--thread-content-max-width:48rem] mx-auto max-w-(--thread-content-max-width) flex-1 group\/turn-messages focus-visible:outline-hidden relative flex w-full min-w-0 flex-col agent-turn\" data-conversation-screenshot-content=\"\"><div class=\"flex max-w-full flex-col gap-4 grow\"><div class=\"min-h-8 text-message relative flex w-full flex-col items-end gap-2 text-start break-words whitespace-normal outline-none keyboard-focused:focus-ring [.text-message+&amp;]:mt-1\" dir=\"auto\" tabindex=\"0\" data-message-author-role=\"assistant\" data-message-id=\"158bbbe8-3b73-4146-a55b-ffdb52947990\" data-message-model-slug=\"gpt-5-6-mini\" data-turn-start-message=\"true\"><div class=\"flex w-full flex-col gap-1 empty:hidden\"><div class=\"markdown prose dark:prose-invert wrap-break-word w-full light markdown-new-styling\"><p data-start=\"16\" data-end=\"296\">Ce cours, offert selon une approche th\u00e9matique, s\u2019appuie sur le contenu des cours <strong data-start=\"98\" data-end=\"126\">D\u00e9butant 1 et D\u00e9butant 2<\/strong>. Une attention particuli\u00e8re est accord\u00e9e aux comp\u00e9tences orales, notamment \u00e0 <strong data-start=\"204\" data-end=\"238\">l\u2019\u00e9coute et \u00e0 la communication<\/strong>, avec l\u2019int\u00e9gration d\u2019activit\u00e9s de lecture et d\u2019\u00e9criture.<\/p><p data-start=\"298\" data-end=\"437\">L\u2019environnement d\u2019apprentissage est <strong data-start=\"334\" data-end=\"372\">agr\u00e9able, d\u00e9tendu et sans pression<\/strong>, afin de favoriser la participation et la confiance en fran\u00e7ais.<\/p><p data-start=\"439\" data-end=\"578\"><strong data-start=\"439\" data-end=\"454\">Pr\u00e9requis :<\/strong> avoir suivi le cours D\u00e9butant 2 ou poss\u00e9der une exp\u00e9rience \u00e9quivalente en fran\u00e7ais.<br data-start=\"538\" data-end=\"541\" \/><strong data-start=\"541\" data-end=\"568\">Langue d\u2019enseignement :<\/strong> fran\u00e7ais.<\/p><h3 data-section-id=\"glacuw\" data-start=\"580\" data-end=\"640\">\u00c0 la fin du cours, les participants seront capables de :<\/h3><ul data-start=\"642\" data-end=\"1354\" data-is-last-node=\"\" data-is-only-node=\"\"><li data-section-id=\"8qb1yb\" data-start=\"642\" data-end=\"692\">S\u2019exprimer au <strong data-start=\"658\" data-end=\"691\">pr\u00e9sent, au pass\u00e9 et au futur<\/strong>;<\/li><li data-section-id=\"6z4cyn\" data-start=\"693\" data-end=\"749\">Parler et \u00e9crire au sujet de leurs <strong data-start=\"730\" data-end=\"748\">projets futurs<\/strong>;<\/li><li data-section-id=\"1547qwq\" data-start=\"750\" data-end=\"809\">Parler de la <strong data-start=\"765\" data-end=\"808\">m\u00e9t\u00e9o et des pr\u00e9visions m\u00e9t\u00e9orologiques<\/strong>;<\/li><li data-section-id=\"1jsoxgd\" data-start=\"810\" data-end=\"907\">Parler et \u00e9crire au sujet d\u2019\u00e9v\u00e9nements pass\u00e9s en utilisant <strong data-start=\"871\" data-end=\"906\">l\u2019imparfait et le pass\u00e9 compos\u00e9<\/strong>;<\/li><li data-section-id=\"1o5pcwk\" data-start=\"908\" data-end=\"952\">Exprimer leur <strong data-start=\"924\" data-end=\"951\">opinion et la justifier<\/strong>;<\/li><li data-section-id=\"9rsnnq\" data-start=\"953\" data-end=\"998\">Parler de <strong data-start=\"965\" data-end=\"997\">nourriture et d\u2019alimentation<\/strong>;<\/li><li data-section-id=\"1u5430e\" data-start=\"999\" data-end=\"1050\">S\u2019exprimer dans des situations <strong data-start=\"1032\" data-end=\"1049\">hypoth\u00e9tiques<\/strong>;<\/li><li data-section-id=\"1esvxcp\" data-start=\"1051\" data-end=\"1099\">Exprimer des <strong data-start=\"1066\" data-end=\"1098\">conditions et des intentions<\/strong>;<\/li><li data-section-id=\"1a1ohtk\" data-start=\"1100\" data-end=\"1145\">Comprendre et r\u00e9pondre \u00e0 des <strong data-start=\"1131\" data-end=\"1144\">courriels<\/strong>;<\/li><li data-section-id=\"1g4t4n4\" data-start=\"1146\" data-end=\"1206\">Parler de leurs <strong data-start=\"1164\" data-end=\"1188\">activit\u00e9s de loisirs<\/strong> et les planifier;<\/li><li data-section-id=\"1yx0tem\" data-start=\"1207\" data-end=\"1251\">Planifier des <strong data-start=\"1223\" data-end=\"1250\">vacances et des voyages<\/strong>;<\/li><li data-section-id=\"ha7vei\" data-start=\"1252\" data-end=\"1354\" data-is-last-node=\"\">Parler et \u00e9crire au sujet de la <strong data-start=\"1286\" data-end=\"1315\">technologie et des m\u00e9dias<\/strong>, ainsi que de leur r\u00f4le dans leur vie.<\/li><\/ul><h2 class=\"PDq2pG_selectionAnchorContainer\" data-section-id=\"88mzko\" data-start=\"0\" data-end=\"56\">AUTOMNE 2026 \u2014 FRAN\u00c7AIS D\u00c9BUTANT 3<\/h2><p data-start=\"57\" data-end=\"193\"><strong data-start=\"57\" data-end=\"80\">Cours en personne :<\/strong><br data-start=\"80\" data-end=\"83\" \/>\ud83d\udcc5 Du <strong data-start=\"89\" data-end=\"124\">15 septembre au 8 d\u00e9cembre 2026<\/strong><br data-start=\"124\" data-end=\"127\" \/>\ud83d\udd60 Les mardis, de <strong data-start=\"145\" data-end=\"166\">17 h 30 \u00e0 19 h 00<\/strong><br data-start=\"166\" data-end=\"169\" \/>\ud83d\udc69\u200d\ud83c\udfeb Gennita Bartlett<\/p><p data-start=\"195\" data-end=\"326\" data-is-last-node=\"\" data-is-only-node=\"\"><strong data-start=\"195\" data-end=\"215\">Cours en ligne :<\/strong><br data-start=\"215\" data-end=\"218\" \/>\ud83d\udcc5 Du <strong data-start=\"224\" data-end=\"259\">14 septembre au 7 d\u00e9cembre 2026<\/strong><br data-start=\"259\" data-end=\"262\" \/>\ud83d\udd60 Les lundis, de <strong data-start=\"280\" data-end=\"301\">17 h 30 \u00e0 19 h 00<\/strong><br data-start=\"301\" data-end=\"304\" \/>\ud83d\udc69\u200d\ud83c\udfeb Gennita Bartlett<\/p><\/div><h3 class=\"\" data-section-id=\"1x5j6n0\" data-start=\"0\" data-end=\"65\"><span role=\"text\"><strong data-start=\"4\" data-end=\"65\">PROCHAINES SAISONS \u2014<\/strong><\/span>FRAN\u00c7AIS D\u00c9BUTANT 3<\/h3><div class=\"group TyagGW_tableContainer\"><div class=\"TyagGW_tableWrapper flex flex-col-reverse w-fit\" tabindex=\"-1\"><table class=\"w-fit min-w-(--thread-content-width)\" style=\"height: 191px;\" width=\"1232\" data-start=\"52\" data-end=\"732\" data-is-last-node=\"\" data-is-only-node=\"\"><thead data-start=\"52\" data-end=\"129\"><tr data-start=\"52\" data-end=\"129\"><th class=\"last:pe-10\" data-start=\"52\" data-end=\"61\" data-col-size=\"sm\">Saison<\/th><th class=\"last:pe-10\" data-start=\"61\" data-end=\"70\" data-col-size=\"sm\">Format<\/th><th class=\"last:pe-10\" data-start=\"70\" data-end=\"78\" data-col-size=\"sm\">Dates<\/th><th class=\"last:pe-10\" data-start=\"78\" data-end=\"88\" data-col-size=\"sm\">Jour(s)<\/th><th class=\"last:pe-10\" data-start=\"88\" data-end=\"98\" data-col-size=\"sm\">Horaire<\/th><th class=\"last:pe-10\" data-start=\"98\" data-end=\"106\" data-col-size=\"sm\">Dur\u00e9e<\/th><th class=\"last:pe-10\" data-start=\"106\" data-end=\"114\" data-col-size=\"sm\">Salle<\/th><th class=\"last:pe-10\" data-start=\"114\" data-end=\"129\" data-col-size=\"sm\">Enseignante<\/th><\/tr><\/thead><tbody data-start=\"164\" data-end=\"732\" data-is-last-node=\"\"><tr data-start=\"164\" data-end=\"301\"><td data-start=\"164\" data-end=\"181\" data-col-size=\"sm\"><strong data-start=\"166\" data-end=\"180\">Hiver 2027<\/strong><\/td><td data-col-size=\"sm\" data-start=\"181\" data-end=\"195\">En personne<\/td><td data-col-size=\"sm\" data-start=\"195\" data-end=\"218\">12 janvier \u2013 6 avril<\/td><td data-col-size=\"sm\" data-start=\"218\" data-end=\"227\">Mardis<\/td><td data-col-size=\"sm\" data-start=\"227\" data-end=\"247\">17 h 30 \u2013 19 h 00<\/td><td data-col-size=\"sm\" data-start=\"247\" data-end=\"277\">13 semaines, 1 h 30\/semaine<\/td><td data-col-size=\"sm\" data-start=\"277\" data-end=\"281\">\u2014<\/td><td data-col-size=\"sm\" data-start=\"281\" data-end=\"301\">Gennita Bartlett<\/td><\/tr><tr data-start=\"302\" data-end=\"436\"><td data-start=\"302\" data-end=\"319\" data-col-size=\"sm\"><strong data-start=\"304\" data-end=\"318\">Hiver 2027<\/strong><\/td><td data-col-size=\"sm\" data-start=\"319\" data-end=\"330\">En ligne<\/td><td data-col-size=\"sm\" data-start=\"330\" data-end=\"353\">11 janvier \u2013 5 avril<\/td><td data-col-size=\"sm\" data-start=\"353\" data-end=\"362\">Lundis<\/td><td data-col-size=\"sm\" data-start=\"362\" data-end=\"382\">17 h 30 \u2013 19 h 00<\/td><td data-col-size=\"sm\" data-start=\"382\" data-end=\"412\">13 semaines, 1 h 30\/semaine<\/td><td data-col-size=\"sm\" data-start=\"412\" data-end=\"416\">\u2014<\/td><td data-col-size=\"sm\" data-start=\"416\" data-end=\"436\">Gennita Bartlett<\/td><\/tr><tr data-start=\"437\" data-end=\"588\"><td data-start=\"437\" data-end=\"458\" data-col-size=\"sm\"><strong data-start=\"439\" data-end=\"457\">Printemps 2027<\/strong><\/td><td data-col-size=\"sm\" data-start=\"458\" data-end=\"472\">En personne<\/td><td data-col-size=\"sm\" data-start=\"472\" data-end=\"490\">4 mai \u2013 24 juin<\/td><td data-col-size=\"sm\" data-start=\"490\" data-end=\"509\">Mardis et jeudis<\/td><td data-col-size=\"sm\" data-start=\"509\" data-end=\"529\">17 h 30 \u2013 19 h 00<\/td><td data-col-size=\"sm\" data-start=\"529\" data-end=\"556\">8 semaines, 1 h 30\/cours<\/td><td data-col-size=\"sm\" data-start=\"556\" data-end=\"568\">Salle 110<\/td><td data-col-size=\"sm\" data-start=\"568\" data-end=\"588\">Gennita Bartlett<\/td><\/tr><tr data-start=\"589\" data-end=\"732\" data-is-last-node=\"\"><td data-start=\"589\" data-end=\"610\" data-col-size=\"sm\"><strong data-start=\"591\" data-end=\"609\">Printemps 2027<\/strong><\/td><td data-col-size=\"sm\" data-start=\"610\" data-end=\"621\">En ligne<\/td><td data-col-size=\"sm\" data-start=\"621\" data-end=\"639\">3 mai \u2013 28 juin<\/td><td data-col-size=\"sm\" data-start=\"639\" data-end=\"661\">Lundis et mercredis<\/td><td data-col-size=\"sm\" data-start=\"661\" data-end=\"681\">17 h 30 \u2013 19 h 00<\/td><td data-col-size=\"sm\" data-start=\"681\" data-end=\"708\">8 semaines, 1 h 30\/cours<\/td><td data-col-size=\"sm\" data-start=\"708\" data-end=\"712\">\u2014<\/td><td data-col-size=\"sm\" data-start=\"712\" data-end=\"732\" data-is-last-node=\"\">Gennita Bartlett<\/td><\/tr><\/tbody><\/table><\/div><p data-start=\"268\" data-end=\"320\" data-is-last-node=\"\" data-is-only-node=\"\"><strong data-start=\"268\" data-end=\"288\">Renseignements :<\/strong> <a class=\"decorated-link\" href=\"mailto:culture@acfsj.ca\" rel=\"noopener\" data-start=\"289\" data-end=\"305\">culture@acfsj.ca<\/a> | 709-726-4900<\/p><p data-start=\"268\" data-end=\"320\" data-is-last-node=\"\" data-is-only-node=\"\"><strong data-start=\"1093\" data-end=\"1103\">Note :<\/strong> Les dates et horaires peuvent \u00eatre sujets \u00e0 changement. Les jours sans cours seront indiqu\u00e9s lors de l\u2019inscription.<\/p><\/div><\/div><\/div><\/div><\/div><\/div><\/section><\/div><\/div>\n\t\t\t\t<\/div>\n\t\t\t\t\t\t\t<div class=\"elementor-toggle-item\">\n\t\t\t\t\t<div id=\"elementor-tab-title-7514\" class=\"elementor-tab-title\" data-tab=\"4\" role=\"button\" aria-controls=\"elementor-tab-content-7514\" aria-expanded=\"false\">\n\t\t\t\t\t\t\t\t\t\t\t\t<span class=\"elementor-toggle-icon elementor-toggle-icon-left\" aria-hidden=\"true\">\n\t\t\t\t\t\t\t\t\t\t\t\t\t\t\t<span class=\"elementor-toggle-icon-closed\"><svg class=\"e-font-icon-svg e-fas-caret-right\" viewBox=\"0 0 192 512\" xmlns=\"http:\/\/www.w3.org\/2000\/svg\"><path d=\"M0 384.662V127.338c0-17.818 21.543-26.741 34.142-14.142l128.662 128.662c7.81 7.81 7.81 20.474 0 28.284L34.142 398.804C21.543 411.404 0 402.48 0 384.662z\"><\/path><\/svg><\/span>\n\t\t\t\t\t\t\t\t<span class=\"elementor-toggle-icon-opened\"><svg class=\"elementor-toggle-icon-opened e-font-icon-svg e-fas-caret-up\" viewBox=\"0 0 320 512\" xmlns=\"http:\/\/www.w3.org\/2000\/svg\"><path d=\"M288.662 352H31.338c-17.818 0-26.741-21.543-14.142-34.142l128.662-128.662c7.81-7.81 20.474-7.81 28.284 0l128.662 128.662c12.6 12.599 3.676 34.142-14.142 34.142z\"><\/path><\/svg><\/span>\n\t\t\t\t\t\t\t\t\t\t\t\t\t<\/span>\n\t\t\t\t\t\t\t\t\t\t\t\t<a class=\"elementor-toggle-title\" tabindex=\"0\">INFORMATION SUR LE COURS \u2013 INTERM\u00c9DIAIRE 1<\/a>\n\t\t\t\t\t<\/div>\n\n\t\t\t\t\t<div id=\"elementor-tab-content-7514\" class=\"elementor-tab-content elementor-clearfix\" data-tab=\"4\" role=\"region\" aria-labelledby=\"elementor-tab-title-7514\"><div id=\"wp-block-themeisle-blocks-tabs-5bfc6ead\" class=\"wp-block-themeisle-blocks-tabs\"><div class=\"wp-block-themeisle-blocks-tabs__content\"><div class=\"wp-block-themeisle-blocks-tabs-item\" style=\"box-sizing: border-box; margin: 0px; padding: 0px; border: 0px; outline: 0px; font-variant: inherit; font-stretch: inherit; line-height: inherit; font-optical-sizing: inherit; font-size-adjust: inherit; font-kerning: inherit; font-feature-settings: inherit; font-variation-settings: inherit; vertical-align: baseline; font-family: inherit; font-size: 14px; font-style: inherit; font-weight: inherit;\" data-title=\"&lt;strong&gt;D\u00e9butant 2&lt;\/strong&gt;\"><div class=\"wp-block-themeisle-blocks-tabs-item__content\"><div id=\"wp-block-themeisle-blocks-tabs-3277e109\" class=\"wp-block-themeisle-blocks-tabs\"><div class=\"wp-block-themeisle-blocks-tabs__content\"><div class=\"wp-block-themeisle-blocks-tabs-item\" style=\"box-sizing: border-box; margin: 0px; padding: 0px; border: 0px; outline: 0px; font-variant: inherit; font-stretch: inherit; line-height: inherit; font-optical-sizing: inherit; font-size-adjust: inherit; font-kerning: inherit; font-feature-settings: inherit; font-variation-settings: inherit; vertical-align: baseline; font-family: inherit; font-size: 14px; font-style: inherit; font-weight: inherit;\" data-title=\"&lt;strong&gt;Printemps &lt;\/strong&gt;\"><div class=\"wp-block-themeisle-blocks-tabs-item__content\"><div id=\"wp-block-themeisle-blocks-advanced-columns-06431e83\" class=\"wp-block-themeisle-blocks-advanced-columns alignfull has-2-columns has-desktop-equal-layout has-tablet-equal-layout has-mobile-collapsedRows-layout has-vertical-center ticss-c00aadba\"><div class=\"innerblocks-wrap\"><h2 id=\"wp-block-themeisle-blocks-advanced-column-78acd72b\" class=\"wp-block-themeisle-blocks-advanced-column\">INFORMATIONS SUR LE COURS \u2013 INTERM\u00c9DIAIRE 1<\/h2><\/div><\/div><\/div><\/div><\/div><\/div><\/div><\/div><div class=\"wp-block-themeisle-blocks-tabs-item\" style=\"box-sizing: border-box; margin: 0px; padding: 0px; border: 0px; outline: 0px; font-variant: inherit; font-stretch: inherit; line-height: inherit; font-optical-sizing: inherit; font-size-adjust: inherit; font-kerning: inherit; font-feature-settings: inherit; font-variation-settings: inherit; vertical-align: baseline; font-family: inherit; font-size: 14px; font-style: inherit; font-weight: inherit;\" data-title=\"&lt;strong&gt;Interm\u00e9diaire 1&lt;\/strong&gt;\"><div class=\"wp-block-themeisle-blocks-tabs-item__content\"><div id=\"wp-block-themeisle-blocks-tabs-4755727d\" class=\"wp-block-themeisle-blocks-tabs\"><div class=\"wp-block-themeisle-blocks-tabs__content\"><div class=\"wp-block-themeisle-blocks-tabs-item\" style=\"box-sizing: border-box; margin: 0px; padding: 0px; border: 0px; outline: 0px; font-variant: inherit; font-stretch: inherit; line-height: inherit; font-optical-sizing: inherit; font-size-adjust: inherit; font-kerning: inherit; font-feature-settings: inherit; font-variation-settings: inherit; vertical-align: baseline; font-family: inherit; font-size: 14px; font-style: inherit; font-weight: inherit;\" data-title=\"&lt;strong&gt;Printemps&lt;\/strong&gt;\"><div class=\"wp-block-themeisle-blocks-tabs-item__content\"><div id=\"wp-block-themeisle-blocks-advanced-columns-9e218602\" class=\"wp-block-themeisle-blocks-advanced-columns alignfull has-2-columns has-desktop-equal-layout has-tablet-equal-layout has-mobile-collapsedRows-layout has-vertical-center ticss-c00aadba\"><div class=\"innerblocks-wrap\"><div id=\"wp-block-themeisle-blocks-advanced-column-fcbc7419\" class=\"wp-block-themeisle-blocks-advanced-column\"><div class=\"wp-block-buttons is-vertical is-content-justification-center is-layout-flex wp-container-core-buttons-is-layout-23 wp-block-buttons-is-layout-flex\"><div class=\"wp-block-button\"><p data-start=\"179\" data-end=\"500\">Ce cours s\u2019adresse aux personnes ayant une connaissance de base du fran\u00e7ais et souhaitant am\u00e9liorer leur niveau de comp\u00e9tence en s\u2019appuyant sur leurs exp\u00e9riences d\u2019apprentissage pr\u00e9c\u00e9dentes. Les quatre comp\u00e9tences \u2013 \u00e9couter, parler, lire et \u00e9crire \u2013 sont d\u00e9velopp\u00e9es dans un environnement d\u00e9tendu, amical et encourageant.<br \/><span style=\"font-family: inherit; font-style: inherit; font-variant-ligatures: inherit; font-variant-caps: inherit; font-weight: inherit;\">Gr\u00e2ce \u00e0 la petite taille des classes, les participants ont de nombreuses opportunit\u00e9s d\u2019interaction et sont encourag\u00e9s \u00e0 participer activement. La grammaire est revue en fonction des besoins du groupe, et de nouveaux concepts sont enseign\u00e9s dans des contextes concrets tels que des articles, des enqu\u00eates et des publicit\u00e9s.<br \/><\/span><span style=\"font-family: inherit; font-style: inherit; font-variant-ligatures: inherit; font-variant-caps: inherit; font-weight: inherit;\">Ce cours est id\u00e9al pour ceux qui souhaitent renforcer leurs comp\u00e9tences en communication ou qui atteignent ce niveau pour la premi\u00e8re fois. Le niveau D\u00e9butant 2 ou une exposition \u00e9quivalente au fran\u00e7ais est requis.<\/span><\/p><p data-start=\"1043\" data-end=\"1113\">\u00c0 la fin du cours, les participants ma\u00eetriseront les points suivants :<\/p><p data-start=\"1115\" data-end=\"1932\"><strong data-start=\"1115\" data-end=\"1130\">Grammaire :<\/strong><br data-start=\"1130\" data-end=\"1133\" \/>\u2714\ufe0f Les pronoms relatifs (qui, que, o\u00f9, dont, auquel, duquel)<br data-start=\"1193\" data-end=\"1196\" \/>\u2714\ufe0f Les pronoms d\u00e9monstratifs (celui, celle, ceux, celles)<br data-start=\"1253\" data-end=\"1256\" \/>\u2714\ufe0f Les adjectifs d\u00e9monstratifs (ce, cet, cette, ces)<br data-start=\"1308\" data-end=\"1311\" \/>\u2714\ufe0f La position des adjectifs<br data-start=\"1339\" data-end=\"1342\" \/>\u2714\ufe0f Le pass\u00e9 compos\u00e9 et l\u2019imparfait (r\u00e9vision si n\u00e9cessaire)<br data-start=\"1401\" data-end=\"1404\" \/>\u2714\ufe0f Le futur proche et le futur simple (r\u00e9vision si n\u00e9cessaire)<br data-start=\"1466\" data-end=\"1469\" \/>\u2714\ufe0f Le conditionnel pr\u00e9sent<br data-start=\"1495\" data-end=\"1498\" \/>\u2714\ufe0f Le comparatif et le superlatif<br data-start=\"1531\" data-end=\"1534\" \/>\u2714\ufe0f Les pronoms possessifs (le mien, le tien, etc.)<br data-start=\"1584\" data-end=\"1587\" \/>\u2714\ufe0f La formation des adverbes<br data-start=\"1615\" data-end=\"1618\" \/>\u2714\ufe0f L\u2019utilisation de la n\u00e9gation<br data-start=\"1649\" data-end=\"1652\" \/>\u2714\ufe0f L\u2019accord du participe pass\u00e9<br data-start=\"1682\" data-end=\"1685\" \/>\u2714\ufe0f Le discours rapport\u00e9 au pr\u00e9sent<br data-start=\"1719\" data-end=\"1722\" data-is-only-node=\"\" \/>\u2714\ufe0f L\u2019opposition et la concession<br data-start=\"1754\" data-end=\"1757\" \/>\u2714\ufe0f Ce qui et ce que<br data-start=\"1776\" data-end=\"1779\" \/>\u2714\ufe0f Les pronoms directs et indirects, ainsi que y et en<br data-start=\"1833\" data-end=\"1836\" \/>\u2714\ufe0f Le subjonctif pr\u00e9sent<br data-start=\"1860\" data-end=\"1863\" \/>\u2714\ufe0f Les expressions idiomatiques<br data-start=\"1894\" data-end=\"1897\" \/>\u2714\ufe0f L\u2019expression de la cons\u00e9quence<\/p><p data-start=\"1934\" data-end=\"1956\"><strong data-start=\"1934\" data-end=\"1954\">Th\u00e8mes abord\u00e9s :<\/strong><\/p><ul><li data-start=\"1959\" data-end=\"2036\">La famille, la maison, les v\u00eatements, les souvenirs d\u2019enfance, les origines<\/li><li data-start=\"2039\" data-end=\"2078\">La sant\u00e9, l\u2019exercice, les r\u00e9solutions<\/li><li data-start=\"2081\" data-end=\"2105\">Le travail, le ch\u00f4mage<\/li><li data-start=\"2108\" data-end=\"2148\">Les activit\u00e9s r\u00e9cr\u00e9atives, les voyages<\/li><\/ul><h2 class=\"PDq2pG_selectionAnchorContainer\" data-section-id=\"88mzko\" data-start=\"0\" data-end=\"56\">AUTOMNE 2026 \u2014 FRAN\u00c7AIS INTERM\u00c9DIAIRE 1<\/h2><p><strong>Cours en personne :<\/strong><br \/>\ud83d\udcc5 Du <strong>17 septembre au 10 d\u00e9cembre 2026<\/strong><br \/>\ud83d\udd60 Les jeudis, de <strong>17 h 30 \u00e0 19 h<\/strong><br \/>\ud83d\udc68\u200d\ud83c\udfeb Terry Capand\u00e9guy<\/p><p><strong>Cours en ligne :<\/strong><br \/>\ud83d\udcc5 Du <strong>16 septembre au 16 d\u00e9cembre 2026<\/strong><br \/>\ud83d\udd60 Les mercredis, de <strong>17 h 30 \u00e0 19 h<\/strong><br \/>\ud83d\udc68\u200d\ud83c\udfeb Terry Capand\u00e9guy<br \/><strong style=\"font-family: inherit; font-style: inherit; font-variant-ligatures: inherit; font-variant-caps: inherit;\" data-start=\"0\" data-end=\"22\" data-is-only-node=\"\">Jours sans cours :<\/strong><span style=\"font-family: inherit; font-style: inherit; font-variant-ligatures: inherit; font-variant-caps: inherit; font-weight: inherit;\">\u00a0 11 novembre 2026<\/span><\/p><h3 class=\"\" data-section-id=\"1x5j6n0\" data-start=\"0\" data-end=\"65\"><span role=\"text\"><strong data-start=\"4\" data-end=\"65\">PROCHAINES SAISONS \u2014<\/strong><\/span>FRAN\u00c7AIS INTERM\u00c9DIAIRE 1<\/h3><table style=\"height: 189px;\" width=\"988\"><thead><tr><td><p><strong>Saison<\/strong><\/p><\/td><td><p><strong>Format<\/strong><\/p><\/td><td><p><strong>Dates<\/strong><\/p><\/td><td><p><strong>Jour(s)<\/strong><\/p><\/td><td><p><strong>Horaire<\/strong><\/p><\/td><td><p><strong>Formateur<\/strong><\/p><\/td><\/tr><\/thead><tbody><tr><td><p>Hiver 2027<\/p><\/td><td><p>En personne<\/p><\/td><td><p>14 janv. \u2013 8 avr.<\/p><\/td><td><p>Jeudi<\/p><\/td><td><p>17 h 30 \u2013 19 h<\/p><\/td><td><p>Terry Capand\u00e9guy<\/p><\/td><\/tr><tr><td><p>Hiver 2027<\/p><\/td><td><p>En ligne<\/p><\/td><td><p>13 janv. \u2013 7 avr.<\/p><\/td><td><p>Mercredi<\/p><\/td><td><p>17 h 30 \u2013 19 h<\/p><\/td><td><p>Terry Capand\u00e9guy<\/p><\/td><\/tr><tr><td><p>Printemps 2027<\/p><\/td><td><p>En ligne<\/p><\/td><td><p>4 mai \u2013 24 juin<\/p><\/td><td><p>Mardi et jeudi<\/p><\/td><td><p>18 h \u2013 19 h 30<\/p><\/td><td><p>Terry Capand\u00e9guy<\/p><\/td><\/tr><\/tbody><\/table><p data-start=\"268\" data-end=\"320\" data-is-last-node=\"\" data-is-only-node=\"\"><strong data-start=\"268\" data-end=\"288\">Renseignements :<\/strong> <a class=\"decorated-link\" href=\"mailto:culture@acfsj.ca\" rel=\"noopener\" data-start=\"289\" data-end=\"305\">culture@acfsj.ca<\/a> | 709-726-4900<br \/><strong style=\"font-family: inherit; font-style: inherit; font-variant-ligatures: inherit; font-variant-caps: inherit;\" data-start=\"1093\" data-end=\"1103\">Note :<\/strong><span style=\"font-family: inherit; font-style: inherit; font-variant-ligatures: inherit; font-variant-caps: inherit; font-weight: inherit;\"> Les dates et horaires peuvent \u00eatre sujets \u00e0 changement. Les jours sans cours seront indiqu\u00e9s lors de l\u2019inscription.<\/span><\/p><\/div><\/div><\/div><\/div><\/div><\/div><\/div><\/div><\/div><\/div><\/div><\/div><\/div><\/div>\n\t\t\t\t<\/div>\n\t\t\t\t\t\t\t<div class=\"elementor-toggle-item\">\n\t\t\t\t\t<div id=\"elementor-tab-title-7515\" class=\"elementor-tab-title\" data-tab=\"5\" role=\"button\" aria-controls=\"elementor-tab-content-7515\" aria-expanded=\"false\">\n\t\t\t\t\t\t\t\t\t\t\t\t<span class=\"elementor-toggle-icon elementor-toggle-icon-left\" aria-hidden=\"true\">\n\t\t\t\t\t\t\t\t\t\t\t\t\t\t\t<span class=\"elementor-toggle-icon-closed\"><svg class=\"e-font-icon-svg e-fas-caret-right\" viewBox=\"0 0 192 512\" xmlns=\"http:\/\/www.w3.org\/2000\/svg\"><path d=\"M0 384.662V127.338c0-17.818 21.543-26.741 34.142-14.142l128.662 128.662c7.81 7.81 7.81 20.474 0 28.284L34.142 398.804C21.543 411.404 0 402.48 0 384.662z\"><\/path><\/svg><\/span>\n\t\t\t\t\t\t\t\t<span class=\"elementor-toggle-icon-opened\"><svg class=\"elementor-toggle-icon-opened e-font-icon-svg e-fas-caret-up\" viewBox=\"0 0 320 512\" xmlns=\"http:\/\/www.w3.org\/2000\/svg\"><path d=\"M288.662 352H31.338c-17.818 0-26.741-21.543-14.142-34.142l128.662-128.662c7.81-7.81 20.474-7.81 28.284 0l128.662 128.662c12.6 12.599 3.676 34.142-14.142 34.142z\"><\/path><\/svg><\/span>\n\t\t\t\t\t\t\t\t\t\t\t\t\t<\/span>\n\t\t\t\t\t\t\t\t\t\t\t\t<a class=\"elementor-toggle-title\" tabindex=\"0\">INFORMATION SUR LE COURS \u2013 INTERM\u00c9DIAIRE 2<\/a>\n\t\t\t\t\t<\/div>\n\n\t\t\t\t\t<div id=\"elementor-tab-content-7515\" class=\"elementor-tab-content elementor-clearfix\" data-tab=\"5\" role=\"region\" aria-labelledby=\"elementor-tab-title-7515\"><div id=\"outer-wrap\" class=\"site clr\"><div id=\"wrap\" class=\"clr\"><div id=\"content-wrap\" class=\"container clr\"><div id=\"primary\" class=\"content-area clr\"><div id=\"content\" class=\"site-content clr\"><article id=\"post-11600\"><div class=\"entry-content clr\"><div id=\"wp-block-themeisle-blocks-tabs-5bfc6ead\" class=\"wp-block-themeisle-blocks-tabs\"><div class=\"wp-block-themeisle-blocks-tabs__content\"><div class=\"wp-block-themeisle-blocks-tabs-item\" style=\"box-sizing: border-box; margin: 0px; padding: 0px; border: 0px; outline: 0px; font-variant: inherit; font-stretch: inherit; line-height: inherit; font-optical-sizing: inherit; font-size-adjust: inherit; font-kerning: inherit; font-feature-settings: inherit; font-variation-settings: inherit; vertical-align: baseline; font-family: inherit; font-size: 14px; font-style: inherit; font-weight: inherit;\" data-title=\"&lt;strong&gt;Interm\u00e9diaire 2&lt;\/strong&gt;\"><div class=\"wp-block-themeisle-blocks-tabs-item__header\" tabindex=\"0\"><h2 data-start=\"80\" data-end=\"126\">INFORMATIONS SUR LE COURS \u2013 INTERM\u00c9DIAIRE 2<\/h2><p data-start=\"128\" data-end=\"381\"><em>Ce cours s\u2019adresse aux personnes ayant une bonne base en fran\u00e7ais et souhaitant approfondir leurs comp\u00e9tences linguistiques. Les quatre comp\u00e9tences \u2013 \u00e9couter, parler, lire et \u00e9crire \u2013 sont d\u00e9velopp\u00e9es dans un environnement d\u00e9tendu, amical et interactif.<\/em><br \/><em><span style=\"font-family: inherit; font-variant-ligatures: inherit; font-variant-caps: inherit; font-weight: inherit;\">Gr\u00e2ce \u00e0 la petite taille des classes, les participants ont de nombreuses opportunit\u00e9s d\u2019\u00e9change et sont encourag\u00e9s \u00e0 s\u2019exprimer \u00e0 leur pleine capacit\u00e9. La grammaire est revue en fonction des besoins du groupe, et de nouveaux concepts sont enseign\u00e9s dans des contextes concrets tels que des articles, des enqu\u00eates et des publicit\u00e9s.<\/span><\/em><\/p><p data-start=\"716\" data-end=\"978\">Ce cours constitue une excellente remise \u00e0 niveau pour ceux qui souhaitent renforcer leurs comp\u00e9tences en communication en fran\u00e7ais ou qui atteignent ce niveau pour la premi\u00e8re fois. Le niveau Interm\u00e9diaire 1 ou une exposition \u00e9quivalente au fran\u00e7ais est requis <br \/>.<span style=\"font-family: inherit; font-style: inherit; font-variant-ligatures: inherit; font-variant-caps: inherit; font-weight: inherit;\">\u00c0 la fin du cours, les participants ma\u00eetriseront les points suivants :<\/span><\/p><p data-start=\"1052\" data-end=\"1745\">Grammaire :<br \/>\u2714\ufe0f Les pronoms relatifs (qui, que, o\u00f9, dont, auquel, duquel)<br data-start=\"1124\" data-end=\"1127\" \/>\u2714\ufe0f Les pronoms d\u00e9monstratifs (celui, celle, ceux, celles)<br data-start=\"1184\" data-end=\"1187\" \/>\u2714\ufe0f Les adjectifs d\u00e9monstratifs (ce, cet, cette, ces)<br data-start=\"1239\" data-end=\"1242\" \/>\u2714\ufe0f La position des adjectifs<br data-start=\"1270\" data-end=\"1273\" \/>\u2714\ufe0f Le pass\u00e9 compos\u00e9 et l\u2019imparfait (r\u00e9vision si n\u00e9cessaire)<br data-start=\"1332\" data-end=\"1335\" \/>\u2714\ufe0f Le futur proche et le futur simple (r\u00e9vision si n\u00e9cessaire)<br data-start=\"1397\" data-end=\"1400\" \/>\u2714\ufe0f Le conditionnel pr\u00e9sent<br data-start=\"1426\" data-end=\"1429\" \/>\u2714\ufe0f Le comparatif et le superlatif<br data-start=\"1462\" data-end=\"1465\" \/>\u2714\ufe0f Les pronoms possessifs (le mien, le tien, etc.)<br data-start=\"1515\" data-end=\"1518\" \/>\u2714\ufe0f La formation des adverbes<br data-start=\"1546\" data-end=\"1549\" \/>\u2714\ufe0f L\u2019utilisation de la n\u00e9gation<br data-start=\"1580\" data-end=\"1583\" \/>\u2714\ufe0f L\u2019accord du participe pass\u00e9<br data-start=\"1613\" data-end=\"1616\" \/>\u2714\ufe0f Le discours rapport\u00e9 au pr\u00e9sent<br data-start=\"1650\" data-end=\"1653\" \/>\u2714\ufe0f L\u2019opposition et la concession<br data-start=\"1685\" data-end=\"1688\" \/>\u2714\ufe0f Ce qui et ce que<br data-start=\"1707\" data-end=\"1710\" \/>\u2714\ufe0f L\u2019expression de la cons\u00e9quence<\/p><h2 class=\"PDq2pG_selectionAnchorContainer\" data-section-id=\"88mzko\" data-start=\"0\" data-end=\"56\">AUTOMNE 2026 \u2014 FRAN\u00c7AIS INTERM\u00c9DIAIRE 2<\/h2><p><strong>Cours en personne :<\/strong><br \/>\ud83d\udcc5 Du <strong>17 septembre au 10 d\u00e9cembre 2026<\/strong><br \/>\ud83d\udd60 Les jeudis, de <strong>19 h 15 \u00e0 20 h 45<\/strong><br \/>\ud83d\udc68\u200d\ud83c\udfeb Terry Capand\u00e9guy<\/p><p><strong>Cours en ligne :<\/strong><br \/>\ud83d\udcc5 Du <strong>16 septembre au 16 d\u00e9cembre 2026<\/strong><br \/>\ud83d\udd60 Les mercredis, de <strong>19 h 15 \u00e0 20 h 45<\/strong><br \/>\ud83d\udc68\u200d\ud83c\udfeb Terry Capand\u00e9guy<\/p><h3 class=\"\" data-section-id=\"1x5j6n0\" data-start=\"0\" data-end=\"65\"><span role=\"text\"><strong data-start=\"4\" data-end=\"65\">PROCHAINES SAISONS \u2014<\/strong><\/span>FRAN\u00c7AIS INTERM\u00c9DIAIRE 2<\/h3><table style=\"height: 260px;\" width=\"960\"><thead><tr><td><p><strong>Saison<\/strong><\/p><\/td><td><p><strong>Format<\/strong><\/p><\/td><td><p><strong>Dates<\/strong><\/p><\/td><td><p><strong>Jour(s)<\/strong><\/p><\/td><td><p><strong>Horaire<\/strong><\/p><\/td><td><p><strong>Formateur<\/strong><\/p><\/td><\/tr><\/thead><tbody><tr><td><p>Hiver 2027<\/p><\/td><td><p>En personne<\/p><\/td><td><p>14 janv. \u2013 8 avr.<\/p><\/td><td><p>Jeudi<\/p><\/td><td><p>19 h 15 \u2013 20 h 45<\/p><\/td><td><p>Margaret Vincent<\/p><\/td><\/tr><tr><td><p>Hiver 2027<\/p><\/td><td><p>En ligne<\/p><\/td><td><p>13 janv. \u2013 7 avr.<\/p><\/td><td><p>Mercredi<\/p><\/td><td><p>19 h 15 \u2013 20 h 45<\/p><\/td><td><p>Terry Capand\u00e9guy<\/p><\/td><\/tr><tr><td><p>Printemps 2027<\/p><\/td><td><p>En personne<\/p><\/td><td><p>4 mai \u2013 24 juin<\/p><\/td><td><p>Mardi et jeudi<\/p><\/td><td><p>17 h 30 \u2013 19 h<\/p><\/td><td><p>Margaret Vincent<\/p><\/td><\/tr><tr><td><p>Printemps 2027<\/p><\/td><td><p>En ligne<\/p><\/td><td><p>4 mai \u2013 24 juin<\/p><\/td><td><p>Mardi et jeudi<\/p><\/td><td><p>19 h 45 \u2013 21 h 15<\/p><\/td><td><p>Terry Capand\u00e9guy<\/p><\/td><\/tr><\/tbody><\/table><p data-start=\"268\" data-end=\"320\" data-is-last-node=\"\" data-is-only-node=\"\"><strong data-start=\"268\" data-end=\"288\">Renseignements :<\/strong> <a class=\"decorated-link\" href=\"mailto:culture@acfsj.ca\" rel=\"noopener\" data-start=\"289\" data-end=\"305\">culture@acfsj.ca<\/a> | 709-726-4900<\/p><p data-start=\"268\" data-end=\"320\" data-is-last-node=\"\" data-is-only-node=\"\"><strong data-start=\"1093\" data-end=\"1103\">Note :<\/strong> Les dates et horaires peuvent \u00eatre sujets \u00e0 changement. Les jours sans cours seront indiqu\u00e9s lors de l\u2019inscription.<\/p><\/div><\/div><\/div><\/div><\/div><\/article><\/div><\/div><\/div><\/div><\/div><\/div>\n\t\t\t\t<\/div>\n\t\t\t\t\t\t\t<div class=\"elementor-toggle-item\">\n\t\t\t\t\t<div id=\"elementor-tab-title-7516\" class=\"elementor-tab-title\" data-tab=\"6\" role=\"button\" aria-controls=\"elementor-tab-content-7516\" aria-expanded=\"false\">\n\t\t\t\t\t\t\t\t\t\t\t\t<span class=\"elementor-toggle-icon elementor-toggle-icon-left\" aria-hidden=\"true\">\n\t\t\t\t\t\t\t\t\t\t\t\t\t\t\t<span class=\"elementor-toggle-icon-closed\"><svg class=\"e-font-icon-svg e-fas-caret-right\" viewBox=\"0 0 192 512\" xmlns=\"http:\/\/www.w3.org\/2000\/svg\"><path d=\"M0 384.662V127.338c0-17.818 21.543-26.741 34.142-14.142l128.662 128.662c7.81 7.81 7.81 20.474 0 28.284L34.142 398.804C21.543 411.404 0 402.48 0 384.662z\"><\/path><\/svg><\/span>\n\t\t\t\t\t\t\t\t<span class=\"elementor-toggle-icon-opened\"><svg class=\"elementor-toggle-icon-opened e-font-icon-svg e-fas-caret-up\" viewBox=\"0 0 320 512\" xmlns=\"http:\/\/www.w3.org\/2000\/svg\"><path d=\"M288.662 352H31.338c-17.818 0-26.741-21.543-14.142-34.142l128.662-128.662c7.81-7.81 20.474-7.81 28.284 0l128.662 128.662c12.6 12.599 3.676 34.142-14.142 34.142z\"><\/path><\/svg><\/span>\n\t\t\t\t\t\t\t\t\t\t\t\t\t<\/span>\n\t\t\t\t\t\t\t\t\t\t\t\t<a class=\"elementor-toggle-title\" tabindex=\"0\">INFORMATION SUR LE COURS \u2013 INTERM\u00c9DIAIRE 3<\/a>\n\t\t\t\t\t<\/div>\n\n\t\t\t\t\t<div id=\"elementor-tab-content-7516\" class=\"elementor-tab-content elementor-clearfix\" data-tab=\"6\" role=\"region\" aria-labelledby=\"elementor-tab-title-7516\"><div id=\"outer-wrap\" class=\"site clr\"><div id=\"wrap\" class=\"clr\"><div id=\"content-wrap\" class=\"container clr\"><div id=\"primary\" class=\"content-area clr\"><div id=\"content\" class=\"site-content clr\"><article id=\"post-11600\"><div class=\"entry-content clr\"><div id=\"wp-block-themeisle-blocks-tabs-5bfc6ead\" class=\"wp-block-themeisle-blocks-tabs\"><div class=\"wp-block-themeisle-blocks-tabs__content\"><div class=\"wp-block-themeisle-blocks-tabs-item\" style=\"box-sizing: border-box; margin: 0px; padding: 0px; border: 0px; outline: 0px; font-variant: inherit; font-stretch: inherit; line-height: inherit; font-optical-sizing: inherit; font-size-adjust: inherit; font-kerning: inherit; font-feature-settings: inherit; font-variation-settings: inherit; vertical-align: baseline; font-family: inherit; font-size: 14px; font-style: inherit; font-weight: inherit;\" data-title=\"&lt;strong&gt;&lt;p&gt;Interm\u00e9diaire 2&lt;\/strong&gt;\"><div class=\"wp-block-themeisle-blocks-tabs-item__content\"><div id=\"wp-block-themeisle-blocks-tabs-d1a5cdc5\" class=\"wp-block-themeisle-blocks-tabs\"><div class=\"wp-block-themeisle-blocks-tabs__content\"><div class=\"wp-block-themeisle-blocks-tabs-item\" style=\"box-sizing: border-box; margin: 0px; padding: 0px; border: 0px; outline: 0px; font-variant: inherit; font-stretch: inherit; line-height: inherit; font-optical-sizing: inherit; font-size-adjust: inherit; font-kerning: inherit; font-feature-settings: inherit; font-variation-settings: inherit; vertical-align: baseline; font-family: inherit; font-size: 14px; font-style: inherit; font-weight: inherit;\" data-title=\"&lt;strong&gt;&lt;p&gt;Printemps&lt;\/strong&gt; \"><div class=\"wp-block-themeisle-blocks-tabs-item__content\"><div id=\"wp-block-themeisle-blocks-advanced-columns-9efc710d\" class=\"wp-block-themeisle-blocks-advanced-columns alignfull has-2-columns has-desktop-equal-layout has-tablet-equal-layout has-mobile-collapsedRows-layout has-vertical-center ticss-c00aadba\"><div class=\"innerblocks-wrap\"><h2 id=\"wp-block-themeisle-blocks-advanced-column-38f90ed7\" class=\"wp-block-themeisle-blocks-advanced-column\">INFORMATIONS SUR LE COURS \u2013 INTERM\u00c9DIAIRE 3<\/h2><div><span style=\"font-family: inherit; font-style: inherit; font-variant-ligatures: inherit; font-variant-caps: inherit; font-weight: inherit;\">Ce cours s\u2019adresse aux personnes ayant une bonne ma\u00eetrise des bases du fran\u00e7ais et souhaitant consolider et approfondir leurs comp\u00e9tences linguistiques. Les quatre comp\u00e9tences \u2013 \u00e9couter, parler, lire et \u00e9crire \u2013 sont d\u00e9velopp\u00e9es dans un environnement d\u00e9tendu, amical et interactif.<\/span><\/div><\/div><\/div><\/div><\/div><\/div><\/div><\/div><\/div><div class=\"wp-block-themeisle-blocks-tabs-item\" style=\"box-sizing: border-box; margin: 0px; padding: 0px; border: 0px; outline: 0px; font-variant: inherit; font-stretch: inherit; line-height: inherit; font-optical-sizing: inherit; font-size-adjust: inherit; font-kerning: inherit; font-feature-settings: inherit; font-variation-settings: inherit; vertical-align: baseline; font-family: inherit; font-size: 14px; font-style: inherit; font-weight: inherit;\" data-title=\"&lt;strong&gt;&lt;p&gt;Interm\u00e9diaire 3&lt;\/strong&gt;\"><div class=\"wp-block-themeisle-blocks-tabs-item__content\"><div id=\"wp-block-themeisle-blocks-tabs-4db28c67\" class=\"wp-block-themeisle-blocks-tabs\"><div class=\"wp-block-themeisle-blocks-tabs__content\"><div class=\"wp-block-themeisle-blocks-tabs-item\" style=\"box-sizing: border-box; margin: 0px; padding: 0px; border: 0px; outline: 0px; font-variant: inherit; font-stretch: inherit; line-height: inherit; font-optical-sizing: inherit; font-size-adjust: inherit; font-kerning: inherit; font-feature-settings: inherit; font-variation-settings: inherit; vertical-align: baseline; font-family: inherit; font-size: 14px; font-style: inherit; font-weight: inherit;\" data-title=\"&lt;strong&gt;&lt;p&gt;Automne&lt;\/strong&gt; \"><p data-start=\"206\" data-end=\"487\">Gr\u00e2ce \u00e0 la petite taille des classes, les participants ont de nombreuses opportunit\u00e9s d\u2019\u00e9change et sont encourag\u00e9s \u00e0 participer activement. La grammaire est revue selon les besoins du groupe, et de nouveaux concepts sont enseign\u00e9s \u00e0 travers des supports vari\u00e9s tels que des articles, des enqu\u00eates et des publicit\u00e9s.<br \/><span style=\"font-family: inherit; font-style: inherit; font-variant-ligatures: inherit; font-variant-caps: inherit; font-weight: inherit;\">Ce cours constitue une excellente remise \u00e0 niveau pour ceux qui souhaitent perfectionner leur communication en fran\u00e7ais ou qui atteignent ce niveau pour la premi\u00e8re fois. Le niveau Interm\u00e9diaire 2 ou une exposition \u00e9quivalente au fran\u00e7ais est requis.<\/span><\/p><p data-start=\"1058\" data-end=\"1128\">\u00c0 la fin du cours, les participants ma\u00eetriseront les points suivants :<br \/><strong style=\"font-family: inherit; font-style: inherit; font-variant-ligatures: inherit; font-variant-caps: inherit;\" data-start=\"1130\" data-end=\"1145\">Grammaire :<\/strong><\/p><p data-start=\"1147\" data-end=\"1828\">\u2714\ufe0f Les pronoms relatifs (qui, que, o\u00f9, dont, auquel, duquel)<br data-start=\"1207\" data-end=\"1210\" \/>\u2714\ufe0f Les pronoms d\u00e9monstratifs (celui, celle, ceux, celles)<br data-start=\"1267\" data-end=\"1270\" \/>\u2714\ufe0f Les adjectifs d\u00e9monstratifs (ce, cet, cette, ces)<br data-start=\"1322\" data-end=\"1325\" \/>\u2714\ufe0f La position des adjectifs<br data-start=\"1353\" data-end=\"1356\" \/>\u2714\ufe0f Le pass\u00e9 compos\u00e9 et l\u2019imparfait (r\u00e9vision si n\u00e9cessaire)<br data-start=\"1415\" data-end=\"1418\" \/>\u2714\ufe0f Le futur proche et le futur simple (r\u00e9vision si n\u00e9cessaire)<br data-start=\"1480\" data-end=\"1483\" \/>\u2714\ufe0f Le conditionnel pr\u00e9sent<br data-start=\"1509\" data-end=\"1512\" \/>\u2714\ufe0f Le comparatif et le superlatif<br data-start=\"1545\" data-end=\"1548\" \/>\u2714\ufe0f Les pronoms possessifs (le mien, le tien, etc.)<br data-start=\"1598\" data-end=\"1601\" \/>\u2714\ufe0f La formation des adverbes<br data-start=\"1629\" data-end=\"1632\" \/>\u2714\ufe0f L\u2019utilisation de la n\u00e9gation<br data-start=\"1663\" data-end=\"1666\" \/>\u2714\ufe0f L\u2019accord du participe pass\u00e9<br data-start=\"1696\" data-end=\"1699\" \/>\u2714\ufe0f Le discours rapport\u00e9 au pr\u00e9sent<br data-start=\"1733\" data-end=\"1736\" \/>\u2714\ufe0f L\u2019opposition et la concession<br data-start=\"1768\" data-end=\"1771\" \/>\u2714\ufe0f Ce qui et ce que<br data-start=\"1790\" data-end=\"1793\" \/>\u2714\ufe0f L\u2019expression de la cons\u00e9quence<\/p><h2 class=\"PDq2pG_selectionAnchorContainer\" data-section-id=\"88mzko\" data-start=\"0\" data-end=\"56\">AUTOMNE 2026 \u2014 FRAN\u00c7AIS INTERM\u00c9DIAIRE 3<\/h2><p><strong>Cours en personne :<\/strong><br \/>\ud83d\udcc5 Du <strong>16 septembre au 16 d\u00e9cembre 2026<\/strong><br \/>\ud83d\udd60 Les mercredis, de <strong>17 h 30 \u00e0 19 h<\/strong><br \/>\ud83d\udc69\u200d\ud83c\udfeb Margaret Vincent<\/p><p><strong>Cours en ligne :<\/strong><br \/>\ud83d\udcc5 Du <strong>15 septembre au 8 d\u00e9cembre 2026<\/strong><br \/>\ud83d\udd60 Les mardis, de <strong>17 h 30 \u00e0 19 h<\/strong><br \/>\ud83d\udc68\u200d\ud83c\udfeb Terry Capand\u00e9guy<\/p><div class=\"\" data-turn-id-container=\"request-WEB:ca14880f-1930-4511-b3c3-27f5546bc098-28\" data-is-intersecting=\"true\"><section class=\"text-token-text-primary w-full focus:outline-none has-data-writing-block:pointer-events-none [&amp;:has([data-writing-block])&gt;*]:pointer-events-auto R6Vx5W_threadScrollVars scroll-mb-[calc(var(--scroll-root-safe-area-inset-bottom,0px)+var(--thread-response-height))] scroll-mt-[calc(var(--header-height)+min(200px,max(70px,20svh)))]\" dir=\"auto\" data-turn-id=\"request-WEB:ca14880f-1930-4511-b3c3-27f5546bc098-28\" data-turn-id-container=\"request-WEB:ca14880f-1930-4511-b3c3-27f5546bc098-28\" data-testid=\"conversation-turn-58\" data-turn=\"assistant\"><div class=\"text-base my-auto mx-auto pb-8 [--thread-content-margin:var(--thread-content-margin-xs,calc(var(--spacing)*4))] @w-sm\/main:[--thread-content-margin:var(--thread-content-margin-sm,calc(var(--spacing)*6))] @w-lg\/main:[--thread-content-margin:var(--thread-content-margin-lg,calc(var(--spacing)*16))] px-(--thread-content-margin)\"><div class=\"[--thread-content-max-width:40rem] @w-lg\/main:[--thread-content-max-width:48rem] mx-auto max-w-(--thread-content-max-width) flex-1 group\/turn-messages focus-visible:outline-hidden relative flex w-full min-w-0 flex-col agent-turn\" data-conversation-screenshot-content=\"\"><div class=\"flex max-w-full flex-col gap-4 grow\"><div class=\"min-h-8 text-message relative flex w-full flex-col items-end gap-2 text-start break-words whitespace-normal outline-none keyboard-focused:focus-ring [.text-message+&amp;]:mt-1\" dir=\"auto\" tabindex=\"0\" data-message-author-role=\"assistant\" data-message-id=\"618e7804-6fa7-485a-97bc-581493eb2c4e\" data-message-model-slug=\"gpt-5-6-mini\" data-turn-start-message=\"true\"><div class=\"flex w-full flex-col gap-1 empty:hidden\"><div class=\"markdown prose dark:prose-invert wrap-break-word w-full light markdown-new-styling\"><h3 class=\"\" data-section-id=\"1x5j6n0\" data-start=\"0\" data-end=\"65\"><span role=\"text\"><strong data-start=\"4\" data-end=\"65\">PROCHAINES SAISONS \u2014<\/strong><\/span>FRAN\u00c7AIS INTERM\u00c9DIAIRE 3<\/h3><\/div><\/div><\/div><\/div><\/div><\/div><\/section><\/div><table><thead><tr><td><p><strong>Saison<\/strong><\/p><\/td><td><p><strong>Format<\/strong><\/p><\/td><td><p><strong>Dates<\/strong><\/p><\/td><td><p><strong>Jour(s)<\/strong><\/p><\/td><td><p><strong>Horaire<\/strong><\/p><\/td><td><p><strong>Formateur<\/strong><\/p><\/td><\/tr><\/thead><tbody><tr><td><p>Hiver 2027<\/p><\/td><td><p>En personne<\/p><\/td><td><p>14 janv. \u2013 8 avr.<\/p><\/td><td><p>Jeudi<\/p><\/td><td><p>17 h 30 \u2013 19 h<\/p><\/td><td><p>Margaret Vincent<\/p><\/td><\/tr><tr><td><p>Hiver 2027<\/p><\/td><td><p>En ligne<\/p><\/td><td><p>12 janv. \u2013 6 avr.<\/p><\/td><td><p>Mardi<\/p><\/td><td><p>18 h \u2013 19 h 30<\/p><\/td><td><p>Terry Capand\u00e9guy<\/p><\/td><\/tr><tr><td><p>Printemps 2027<\/p><\/td><td><p>En personne<\/p><\/td><td><p>3 mai \u2013 28 juin<\/p><\/td><td><p>Lundi et mercredi<\/p><\/td><td><p>17 h 30 \u2013 19 h<\/p><\/td><td><p>Margaret Vincent<\/p><\/td><\/tr><tr><td><p>Printemps 2027<\/p><\/td><td><p>En ligne<\/p><\/td><td><p>\u2014<\/p><\/td><td><p>\u2014<\/p><\/td><td><p>\u2014<\/p><\/td><td><p>Non offert<\/p><\/td><\/tr><\/tbody><\/table><p data-start=\"268\" data-end=\"320\" data-is-last-node=\"\" data-is-only-node=\"\"><strong data-start=\"268\" data-end=\"288\">Renseignements :<\/strong> <a class=\"decorated-link\" href=\"mailto:culture@acfsj.ca\" rel=\"noopener\" data-start=\"289\" data-end=\"305\">culture@acfsj.ca<\/a> | 709-726-4900<\/p><p data-start=\"268\" data-end=\"320\" data-is-last-node=\"\" data-is-only-node=\"\"><strong data-start=\"1093\" data-end=\"1103\">Note :<\/strong> Les dates et horaires peuvent \u00eatre sujets \u00e0 changement. Les jours sans cours seront indiqu\u00e9s lors de l\u2019inscription.<\/p><\/div><\/div><\/div><\/div><\/div><\/div><\/div><\/div><\/article><\/div><\/div><\/div><\/div><\/div><\/div>\n\t\t\t\t<\/div>\n\t\t\t\t\t\t\t<div class=\"elementor-toggle-item\">\n\t\t\t\t\t<div id=\"elementor-tab-title-7517\" class=\"elementor-tab-title\" data-tab=\"7\" role=\"button\" aria-controls=\"elementor-tab-content-7517\" aria-expanded=\"false\">\n\t\t\t\t\t\t\t\t\t\t\t\t<span class=\"elementor-toggle-icon elementor-toggle-icon-left\" aria-hidden=\"true\">\n\t\t\t\t\t\t\t\t\t\t\t\t\t\t\t<span class=\"elementor-toggle-icon-closed\"><svg class=\"e-font-icon-svg e-fas-caret-right\" viewBox=\"0 0 192 512\" xmlns=\"http:\/\/www.w3.org\/2000\/svg\"><path d=\"M0 384.662V127.338c0-17.818 21.543-26.741 34.142-14.142l128.662 128.662c7.81 7.81 7.81 20.474 0 28.284L34.142 398.804C21.543 411.404 0 402.48 0 384.662z\"><\/path><\/svg><\/span>\n\t\t\t\t\t\t\t\t<span class=\"elementor-toggle-icon-opened\"><svg class=\"elementor-toggle-icon-opened e-font-icon-svg e-fas-caret-up\" viewBox=\"0 0 320 512\" xmlns=\"http:\/\/www.w3.org\/2000\/svg\"><path d=\"M288.662 352H31.338c-17.818 0-26.741-21.543-14.142-34.142l128.662-128.662c7.81-7.81 20.474-7.81 28.284 0l128.662 128.662c12.6 12.599 3.676 34.142-14.142 34.142z\"><\/path><\/svg><\/span>\n\t\t\t\t\t\t\t\t\t\t\t\t\t<\/span>\n\t\t\t\t\t\t\t\t\t\t\t\t<a class=\"elementor-toggle-title\" tabindex=\"0\">INFORMATION SUR LE COURS \u2013 CONVERSATION ET GRAMMAIRE AVANC\u00c9ES (1)<\/a>\n\t\t\t\t\t<\/div>\n\n\t\t\t\t\t<div id=\"elementor-tab-content-7517\" class=\"elementor-tab-content elementor-clearfix\" data-tab=\"7\" role=\"region\" aria-labelledby=\"elementor-tab-title-7517\"><h2 data-turn-id-container=\"daaae4ac-079e-4a07-bc35-875c42ae16d0\" data-is-intersecting=\"true\"><strong data-start=\"3\" data-end=\"69\" data-is-last-node=\"\" data-is-only-node=\"\">INFORMATIONS SUR LE COURS \u2013 CONVERSATION ET GRAMMAIRE AVANC\u00c9ES<br \/><\/strong><em style=\"font-family: inherit; font-size: 14px; font-variant-ligatures: inherit; font-variant-caps: inherit; font-weight: inherit;\">Objectif principal : Ce cours vise \u00e0 aider les \u00e9tudiants \u00e0 am\u00e9liorer leur pr\u00e9cision, leur exactitude et leur aisance en fran\u00e7ais. Le professeur utilise divers supports comme des articles de magazines et de <\/em><em style=\"font-family: inherit; font-size: 14px; font-variant-ligatures: inherit; font-variant-caps: inherit; font-weight: inherit;\">journaux, des chansons, des po\u00e8mes, des recettes, et d\u2019autres ressources pour encourager les conversations au sein de la classe. Bien que l&rsquo;accent soit mis sur la compr\u00e9hension et la production orales, les aspects grammaticaux sont \u00e9galement abord\u00e9s \u00e0 travers<\/em><span style=\"font-family: inherit; font-size: 14px; font-style: inherit; font-variant-ligatures: inherit; font-variant-caps: inherit;\"> les textes et les discussions.<\/span><\/h2><h2 class=\"PDq2pG_selectionAnchorContainer\" data-section-id=\"88mzko\" data-start=\"0\" data-end=\"56\">AUTOMNE 2026 \u2014 FRAN\u00c7AIS <strong data-start=\"3\" data-end=\"69\" data-is-last-node=\"\" data-is-only-node=\"\">CONVERSATION ET GRAMMAIRE AVANC\u00c9ES<\/strong><\/h2><p data-start=\"74\" data-end=\"297\"><strong data-start=\"74\" data-end=\"94\">Cours en ligne :<\/strong><br data-start=\"94\" data-end=\"97\" \/>\ud83d\udcc5 Du <strong data-start=\"103\" data-end=\"139\">14 septembre au 14 d\u00e9cembre 2026<\/strong><br data-start=\"139\" data-end=\"142\" \/>\ud83d\udd60 Les lundis, de <strong data-start=\"160\" data-end=\"181\">17 h 30 \u00e0 19 h 00<\/strong><br data-start=\"181\" data-end=\"184\" \/>\u23f1\ufe0f <strong data-start=\"187\" data-end=\"223\">13 semaines \u2014 1 h 30 par semaine<\/strong><br data-start=\"223\" data-end=\"226\" \/>\ud83d\udc69\u200d\ud83c\udfeb Margaret Vincent<br data-start=\"248\" data-end=\"251\" \/>\ud83d\udccc <strong data-start=\"254\" data-end=\"297\">Pas de cours le 12 octobre (jour f\u00e9ri\u00e9)<\/strong><\/p><p data-start=\"299\" data-end=\"475\" data-is-last-node=\"\" data-is-only-node=\"\"><strong data-start=\"299\" data-end=\"322\">Cours en personne :<\/strong><br data-start=\"322\" data-end=\"325\" \/>\ud83d\udcc5 Du <strong data-start=\"331\" data-end=\"366\">15 septembre au 8 d\u00e9cembre 2026<\/strong><br data-start=\"366\" data-end=\"369\" \/>\ud83d\udd60 Les mardis, de <strong data-start=\"387\" data-end=\"408\">17 h 30 \u00e0 19 h 00<\/strong><br data-start=\"408\" data-end=\"411\" \/>\u23f1\ufe0f <strong data-start=\"414\" data-end=\"450\">13 semaines \u2014 1 h 30 par semaine<\/strong><br data-start=\"450\" data-end=\"453\" \/>\ud83d\udc69\u200d\ud83c\udfeb Margaret Vincent<\/p><div class=\"flex max-w-full flex-col gap-4 grow\"><div class=\"min-h-8 text-message relative flex w-full flex-col items-end gap-2 text-start break-words whitespace-normal outline-none keyboard-focused:focus-ring [.text-message+&amp;]:mt-1\" dir=\"auto\" tabindex=\"0\" data-message-author-role=\"assistant\" data-message-id=\"618e7804-6fa7-485a-97bc-581493eb2c4e\" data-message-model-slug=\"gpt-5-6-mini\" data-turn-start-message=\"true\"><div class=\"flex w-full flex-col gap-1 empty:hidden\"><div class=\"markdown prose dark:prose-invert wrap-break-word w-full light markdown-new-styling\"><h3 class=\"PDq2pG_selectionAnchorContainer\" data-section-id=\"1x5j6n0\" data-start=\"0\" data-end=\"65\"><span style=\"text-decoration: underline;\"><span role=\"text\"><strong data-start=\"4\" data-end=\"65\">PROCHAINES SAISONS \u2014 CONVERSATION ET GRAMMAIRE AVANC\u00c9ES 1<\/strong><\/span><\/span><\/h3><div class=\"group TyagGW_tableContainer\"><div class=\"TyagGW_tableWrapper flex flex-col-reverse w-fit\" tabindex=\"-1\"><table class=\"w-fit min-w-(--thread-content-width)\" style=\"height: 156px;\" width=\"1467\" data-start=\"67\" data-end=\"533\"><thead data-start=\"67\" data-end=\"136\"><tr data-start=\"67\" data-end=\"136\"><th class=\"last:pe-10\" data-start=\"67\" data-end=\"76\" data-col-size=\"sm\">Saison<\/th><th class=\"last:pe-10\" data-start=\"76\" data-end=\"85\" data-col-size=\"sm\">Format<\/th><th class=\"last:pe-10\" data-start=\"85\" data-end=\"93\" data-col-size=\"sm\">Dates<\/th><th class=\"last:pe-10\" data-start=\"93\" data-end=\"103\" data-col-size=\"sm\">Jour(s)<\/th><th class=\"last:pe-10\" data-start=\"103\" data-end=\"113\" data-col-size=\"sm\">Horaire<\/th><th class=\"last:pe-10\" data-start=\"113\" data-end=\"121\" data-col-size=\"sm\">Dur\u00e9e<\/th><th class=\"last:pe-10\" data-start=\"121\" data-end=\"136\" data-col-size=\"sm\">Enseignante<\/th><\/tr><\/thead><tbody data-start=\"167\" data-end=\"533\"><tr data-start=\"167\" data-end=\"305\"><td data-start=\"167\" data-end=\"184\" data-col-size=\"sm\"><strong data-start=\"169\" data-end=\"183\">Hiver 2027<\/strong><\/td><td data-col-size=\"sm\" data-start=\"184\" data-end=\"198\">En personne<\/td><td data-col-size=\"sm\" data-start=\"198\" data-end=\"226\">12 janvier \u2013 6 avril 2027<\/td><td data-col-size=\"sm\" data-start=\"226\" data-end=\"235\">Mardis<\/td><td data-col-size=\"sm\" data-start=\"235\" data-end=\"255\">17 h 30 \u2013 19 h 00<\/td><td data-col-size=\"sm\" data-start=\"255\" data-end=\"285\">13 semaines, 1 h 30\/semaine<\/td><td data-col-size=\"sm\" data-start=\"285\" data-end=\"305\">Margaret Vincent<\/td><\/tr><tr data-start=\"306\" data-end=\"453\"><td data-start=\"306\" data-end=\"327\" data-col-size=\"sm\"><strong data-start=\"308\" data-end=\"326\">Printemps 2027<\/strong><\/td><td data-col-size=\"sm\" data-start=\"327\" data-end=\"341\">En personne<\/td><td data-col-size=\"sm\" data-start=\"341\" data-end=\"364\">3 mai \u2013 28 juin 2027<\/td><td data-col-size=\"sm\" data-start=\"364\" data-end=\"386\">Lundis et mercredis<\/td><td data-col-size=\"sm\" data-start=\"386\" data-end=\"406\">19 h 15 \u2013 20 h 45<\/td><td data-col-size=\"sm\" data-start=\"406\" data-end=\"433\">8 semaines, 1 h 30\/cours<\/td><td data-col-size=\"sm\" data-start=\"433\" data-end=\"453\">Margaret Vincent<\/td><\/tr><tr data-start=\"454\" data-end=\"533\"><td data-start=\"454\" data-end=\"475\" data-col-size=\"sm\"><strong data-start=\"456\" data-end=\"474\">Printemps 2027<\/strong><\/td><td data-col-size=\"sm\" data-start=\"475\" data-end=\"486\">En ligne<\/td><td data-col-size=\"sm\" data-start=\"486\" data-end=\"490\">\u2014<\/td><td data-col-size=\"sm\" data-start=\"490\" data-end=\"494\">\u2014<\/td><td data-col-size=\"sm\" data-start=\"494\" data-end=\"498\">\u2014<\/td><td data-col-size=\"sm\" data-start=\"498\" data-end=\"528\"><strong data-start=\"500\" data-end=\"527\">Non offert au printemps<\/strong><\/td><td data-col-size=\"sm\" data-start=\"528\" data-end=\"533\">\u2014<\/td><\/tr><\/tbody><\/table><\/div><\/div><p data-start=\"268\" data-end=\"320\" data-is-last-node=\"\" data-is-only-node=\"\"><strong data-start=\"268\" data-end=\"288\">Renseignements :<\/strong> <a class=\"decorated-link\" href=\"mailto:culture@acfsj.ca\" rel=\"noopener\" data-start=\"289\" data-end=\"305\">culture@acfsj.ca<\/a> | 709-726-4900<br \/><strong data-start=\"1093\" data-end=\"1103\">Note :<\/strong> Les dates et horaires peuvent \u00eatre sujets \u00e0 changement. Les jours sans cours seront indiqu\u00e9s lors de l\u2019inscription.<br \/><strong data-start=\"535\" data-end=\"569\" data-is-last-node=\"\">\ud83d\udccc Aucun cours le 18 mai 2027.<\/strong><\/p><\/div><\/div><\/div><\/div><\/div>\n\t\t\t\t<\/div>\n\t\t\t\t\t\t\t<div class=\"elementor-toggle-item\">\n\t\t\t\t\t<div id=\"elementor-tab-title-7518\" class=\"elementor-tab-title\" data-tab=\"8\" role=\"button\" aria-controls=\"elementor-tab-content-7518\" aria-expanded=\"false\">\n\t\t\t\t\t\t\t\t\t\t\t\t<span class=\"elementor-toggle-icon elementor-toggle-icon-left\" aria-hidden=\"true\">\n\t\t\t\t\t\t\t\t\t\t\t\t\t\t\t<span class=\"elementor-toggle-icon-closed\"><svg class=\"e-font-icon-svg e-fas-caret-right\" viewBox=\"0 0 192 512\" xmlns=\"http:\/\/www.w3.org\/2000\/svg\"><path d=\"M0 384.662V127.338c0-17.818 21.543-26.741 34.142-14.142l128.662 128.662c7.81 7.81 7.81 20.474 0 28.284L34.142 398.804C21.543 411.404 0 402.48 0 384.662z\"><\/path><\/svg><\/span>\n\t\t\t\t\t\t\t\t<span class=\"elementor-toggle-icon-opened\"><svg class=\"elementor-toggle-icon-opened e-font-icon-svg e-fas-caret-up\" viewBox=\"0 0 320 512\" xmlns=\"http:\/\/www.w3.org\/2000\/svg\"><path d=\"M288.662 352H31.338c-17.818 0-26.741-21.543-14.142-34.142l128.662-128.662c7.81-7.81 20.474-7.81 28.284 0l128.662 128.662c12.6 12.599 3.676 34.142-14.142 34.142z\"><\/path><\/svg><\/span>\n\t\t\t\t\t\t\t\t\t\t\t\t\t<\/span>\n\t\t\t\t\t\t\t\t\t\t\t\t<a class=\"elementor-toggle-title\" tabindex=\"0\">INFORMATION SUR LE COURS \u2013 CONVERSATION ET GRAMMAIRE AVANC\u00c9ES (2)<\/a>\n\t\t\t\t\t<\/div>\n\n\t\t\t\t\t<div id=\"elementor-tab-content-7518\" class=\"elementor-tab-content elementor-clearfix\" data-tab=\"8\" role=\"region\" aria-labelledby=\"elementor-tab-title-7518\"><h2 data-turn-id-container=\"bd999e87-2005-4344-9da2-aa185d9052cc\" data-is-intersecting=\"true\"><strong data-start=\"3\" data-end=\"73\" data-is-last-node=\"\" data-is-only-node=\"\">INFORMATIONS SUR LE COURS \u2013 CONVERSATION ET GRAMMAIRE AVANC\u00c9ES (2)<\/strong><\/h2><p data-start=\"57\" data-end=\"561\">Ce cours vise \u00e0 aider les \u00e9tudiants \u00e0 am\u00e9liorer leur pr\u00e9cision, leur exactitude et leur aisance en fran\u00e7ais. Le professeur utilise divers supports comme des articles de magazines et de journaux, des chansons, des po\u00e8mes, des recettes, et d\u2019autres ressources pour encourager les conversations au sein de la classe. Bien que l&rsquo;accent soit mis sur la compr\u00e9hension et la production orales, les aspects grammaticaux sont \u00e9galement abord\u00e9s \u00e0 travers les textes et les discussions.<br \/>Ce niveau constitue une suite du cours de fran\u00e7ais conversationnel avanc\u00e9, mais il est l\u00e9g\u00e8rement plus \u00e9lev\u00e9, offrant ainsi aux \u00e9tudiants un d\u00e9fi suppl\u00e9mentaire pour approfondir leurs comp\u00e9tences linguistiques.<\/p><h2 class=\"PDq2pG_selectionAnchorContainer\" data-section-id=\"88mzko\" data-start=\"0\" data-end=\"56\">AUTOMNE 2026 \u2014 FRAN\u00c7AIS<br \/><strong data-start=\"3\" data-end=\"69\" data-is-last-node=\"\" data-is-only-node=\"\">CONVERSATION ET GRAMMAIRE AVANC\u00c9ES (2)<\/strong><\/h2><p><strong>Cours en personne :<\/strong><br \/>\ud83d\udcc5 Du <strong>15 septembre au 8 d\u00e9cembre 2026<\/strong><br \/>\ud83d\udd60 Les mardis, de <strong>de 19 h 15 \u00e0 20h45<\/strong><br \/>\ud83d\udc69\u200d\ud83c\udfeb Margaret Vincent<\/p><p><strong>Cours en ligne :<\/strong><br \/>\ud83d\udcc5 Du <strong>14 septembre au 14 d\u00e9cembre 2026<\/strong><br \/>\ud83d\udd60 Les lundis, de <strong>19 h 15 \u00e0 20h45<\/strong><br \/>\ud83d\udc69\u200d\ud83c\udfeb Margaret Vincent<\/p><h3 class=\"PDq2pG_selectionAnchorContainer\" data-section-id=\"1x5j6n0\" data-start=\"0\" data-end=\"65\"><span style=\"text-decoration: underline;\"><span role=\"text\"><strong data-start=\"4\" data-end=\"65\">PROCHAINES SAISONS \u2014 CONVERSATION ET GRAMMAIRE AVANC\u00c9ES (2)<\/strong><\/span><\/span><\/h3><table><thead><tr><td><p><strong>Saison)<\/strong><\/p><\/td><td><p><strong>Format<\/strong><\/p><\/td><td><p><strong>Dates<\/strong><\/p><\/td><td><p><strong>Jour(s)<\/strong><\/p><\/td><td><p><strong>Horaire<\/strong><\/p><\/td><td><p><strong>Formateur<\/strong><\/p><\/td><\/tr><\/thead><tbody><tr><td><p>Hiver 2027<\/p><\/td><td><p>En personne<\/p><\/td><td><p>12 janv. \u2013 6 avr.<\/p><\/td><td><p>Mardi<\/p><\/td><td><p>de <strong>19 h 15 \u00e0 20h45<\/strong><\/p><\/td><td><p>Margaret Vincent<\/p><\/td><\/tr><tr><td><p>Printemps 2027<\/p><\/td><td><p>En personne<\/p><\/td><td><p>3 mai \u2013 28 juin<\/p><\/td><td><p>Lundi et mercredi<\/p><\/td><td><p>19 h 15 \u2013 20 h 45<\/p><\/td><td><p>Margaret Vincent<\/p><\/td><\/tr><tr><td><p>Printemps 2027<\/p><\/td><td><p>En ligne<\/p><\/td><td><p>\u2014<\/p><\/td><td><p>\u2014<\/p><\/td><td><p>\u2014<\/p><\/td><td><p>Non offert<\/p><\/td><\/tr><\/tbody><\/table><p>Renseignements : <a class=\"decorated-link\" href=\"mailto:culture@acfsj.ca\" rel=\"noopener\" data-start=\"289\" data-end=\"305\">culture@acfsj.ca<\/a> | 709-726-4900<br \/>Note : Les dates et horaires peuvent \u00eatre sujets \u00e0 changement. Les jours sans cours seront indiqu\u00e9s lors de l\u2019inscription.<\/p><p><strong>\u00a0<\/strong><\/p><p data-start=\"2874\" data-end=\"3012\">\u00a0<\/p><\/div>\n\t\t\t\t<\/div>\n\t\t\t\t\t\t\t<div class=\"elementor-toggle-item\">\n\t\t\t\t\t<div id=\"elementor-tab-title-7519\" class=\"elementor-tab-title\" data-tab=\"9\" role=\"button\" aria-controls=\"elementor-tab-content-7519\" aria-expanded=\"false\">\n\t\t\t\t\t\t\t\t\t\t\t\t<span class=\"elementor-toggle-icon elementor-toggle-icon-left\" aria-hidden=\"true\">\n\t\t\t\t\t\t\t\t\t\t\t\t\t\t\t<span class=\"elementor-toggle-icon-closed\"><svg class=\"e-font-icon-svg e-fas-caret-right\" viewBox=\"0 0 192 512\" xmlns=\"http:\/\/www.w3.org\/2000\/svg\"><path d=\"M0 384.662V127.338c0-17.818 21.543-26.741 34.142-14.142l128.662 128.662c7.81 7.81 7.81 20.474 0 28.284L34.142 398.804C21.543 411.404 0 402.48 0 384.662z\"><\/path><\/svg><\/span>\n\t\t\t\t\t\t\t\t<span class=\"elementor-toggle-icon-opened\"><svg class=\"elementor-toggle-icon-opened e-font-icon-svg e-fas-caret-up\" viewBox=\"0 0 320 512\" xmlns=\"http:\/\/www.w3.org\/2000\/svg\"><path d=\"M288.662 352H31.338c-17.818 0-26.741-21.543-14.142-34.142l128.662-128.662c7.81-7.81 20.474-7.81 28.284 0l128.662 128.662c12.6 12.599 3.676 34.142-14.142 34.142z\"><\/path><\/svg><\/span>\n\t\t\t\t\t\t\t\t\t\t\t\t\t<\/span>\n\t\t\t\t\t\t\t\t\t\t\t\t<a class=\"elementor-toggle-title\" tabindex=\"0\">V\u00c9RIFIEZ VOTRE NIVEAU.<\/a>\n\t\t\t\t\t<\/div>\n\n\t\t\t\t\t<div id=\"elementor-tab-content-7519\" class=\"elementor-tab-content elementor-clearfix\" data-tab=\"9\" role=\"region\" aria-labelledby=\"elementor-tab-title-7519\"><h1>INSCRIPTIONS OUVERTES \u2013 COURS DE FRAN\u00c7AIS \u2013 AUTOMNE 2026<\/h1><p class=\"isSelectedEnd\">Les inscriptions pour les cours de fran\u00e7ais de la session <strong>Automne 2026<\/strong> sont maintenant ouvertes.<\/p><p class=\"isSelectedEnd\">Les cours d\u00e9buteront <strong>la semaine du 14 septembre 2026<\/strong>. Les dates et horaires peuvent varier selon le cours choisi.<\/p><h3>\ud83d\udccc Pour toute question concernant les cours<\/h3><p class=\"isSelectedEnd\"><strong>Mme Camilla Stoodley<\/strong><br \/>Coordinatrice des cours de fran\u00e7ais<br \/>\ud83d\udcde 709-689-0439<br \/>\u2709\ufe0f <a href=\"mailto:education@acfsj.ca\">education@acfsj.ca<\/a><\/p><h3>\ud83d\udccc Informations g\u00e9n\u00e9rales<\/h3><p class=\"isSelectedEnd\">\ud83d\udcde 709-726-4900<br \/>\u2709\ufe0f <a href=\"mailto:culture@acfsj.ca\">culture@acfsj.ca<\/a><\/p><h3>\ud83d\udccc Comment s\u2019inscrire<\/h3><p class=\"isSelectedEnd\">Pour vous inscrire \u00e0 la session d\u2019hiver 2026, veuillez envoyer un courriel \u00e0 <a href=\"mailto:culture@acfsj.ca\"><strong>culture@acfsj.ca<\/strong><\/a> avec les informations suivantes :<\/p><ul data-spread=\"false\"><li>Nom complet<\/li><li>Num\u00e9ro de t\u00e9l\u00e9phone<\/li><li>Adresse courriel<\/li><\/ul><p class=\"isSelectedEnd\">Nous vous contacterons rapidement afin de confirmer votre inscription et de vous transmettre tous les d\u00e9tails concernant les cours.<\/p><h3>\ud83d\udccc \u00c0 pr\u00e9voir pour la session d\u2019automne 2026<\/h3><ul data-spread=\"false\"><li>\u00c9valuation du niveau afin de vous orienter vers le cours le mieux adapt\u00e9<\/li><li>Informations sur les horaires et les modalit\u00e9s des cours<\/li><li>Cours en personne ou en ligne, selon le cours choisi et les disponibilit\u00e9s<\/li><li>Transmission des documents et du mat\u00e9riel p\u00e9dagogique avant le d\u00e9but des cours<\/li><\/ul><\/div>\n\t\t\t\t<\/div>\n\t\t\t\t\t\t\t<div class=\"elementor-toggle-item\">\n\t\t\t\t\t<div id=\"elementor-tab-title-75110\" class=\"elementor-tab-title\" data-tab=\"10\" role=\"button\" aria-controls=\"elementor-tab-content-75110\" aria-expanded=\"false\">\n\t\t\t\t\t\t\t\t\t\t\t\t<span class=\"elementor-toggle-icon elementor-toggle-icon-left\" aria-hidden=\"true\">\n\t\t\t\t\t\t\t\t\t\t\t\t\t\t\t<span class=\"elementor-toggle-icon-closed\"><svg class=\"e-font-icon-svg e-fas-caret-right\" viewBox=\"0 0 192 512\" xmlns=\"http:\/\/www.w3.org\/2000\/svg\"><path d=\"M0 384.662V127.338c0-17.818 21.543-26.741 34.142-14.142l128.662 128.662c7.81 7.81 7.81 20.474 0 28.284L34.142 398.804C21.543 411.404 0 402.48 0 384.662z\"><\/path><\/svg><\/span>\n\t\t\t\t\t\t\t\t<span class=\"elementor-toggle-icon-opened\"><svg class=\"elementor-toggle-icon-opened e-font-icon-svg e-fas-caret-up\" viewBox=\"0 0 320 512\" xmlns=\"http:\/\/www.w3.org\/2000\/svg\"><path d=\"M288.662 352H31.338c-17.818 0-26.741-21.543-14.142-34.142l128.662-128.662c7.81-7.81 20.474-7.81 28.284 0l128.662 128.662c12.6 12.599 3.676 34.142-14.142 34.142z\"><\/path><\/svg><\/span>\n\t\t\t\t\t\t\t\t\t\t\t\t\t<\/span>\n\t\t\t\t\t\t\t\t\t\t\t\t<a class=\"elementor-toggle-title\" tabindex=\"0\">PRIX <\/a>\n\t\t\t\t\t<\/div>\n\n\t\t\t\t\t<div id=\"elementor-tab-content-75110\" class=\"elementor-tab-content elementor-clearfix\" data-tab=\"10\" role=\"region\" aria-labelledby=\"elementor-tab-title-75110\"><h3>Tarifs des cours de fran\u00e7ais<\/h3><ul data-spread=\"false\"><li><strong>Livre (optionnel) : 35 $<\/strong><\/li><li><strong>Total non-membre avec livre : 270 $<\/strong><\/li><li><strong>Membre : 15 % de r\u00e9duction<\/strong><\/li><li><strong>\u00c9tudiant : 10 % de r\u00e9duction<\/strong><\/li><\/ul><p><strong>Important :<\/strong><br \/>Un minimum de <strong>6 participants<\/strong> est requis pour ouvrir un cours.<\/p><\/div>\n\t\t\t\t<\/div>\n\t\t\t\t\t\t\t<div class=\"elementor-toggle-item\">\n\t\t\t\t\t<div id=\"elementor-tab-title-75111\" class=\"elementor-tab-title\" data-tab=\"11\" role=\"button\" aria-controls=\"elementor-tab-content-75111\" aria-expanded=\"false\">\n\t\t\t\t\t\t\t\t\t\t\t\t<span class=\"elementor-toggle-icon elementor-toggle-icon-left\" aria-hidden=\"true\">\n\t\t\t\t\t\t\t\t\t\t\t\t\t\t\t<span class=\"elementor-toggle-icon-closed\"><svg class=\"e-font-icon-svg e-fas-caret-right\" viewBox=\"0 0 192 512\" xmlns=\"http:\/\/www.w3.org\/2000\/svg\"><path d=\"M0 384.662V127.338c0-17.818 21.543-26.741 34.142-14.142l128.662 128.662c7.81 7.81 7.81 20.474 0 28.284L34.142 398.804C21.543 411.404 0 402.48 0 384.662z\"><\/path><\/svg><\/span>\n\t\t\t\t\t\t\t\t<span class=\"elementor-toggle-icon-opened\"><svg class=\"elementor-toggle-icon-opened e-font-icon-svg e-fas-caret-up\" viewBox=\"0 0 320 512\" xmlns=\"http:\/\/www.w3.org\/2000\/svg\"><path d=\"M288.662 352H31.338c-17.818 0-26.741-21.543-14.142-34.142l128.662-128.662c7.81-7.81 20.474-7.81 28.284 0l128.662 128.662c12.6 12.599 3.676 34.142-14.142 34.142z\"><\/path><\/svg><\/span>\n\t\t\t\t\t\t\t\t\t\t\t\t\t<\/span>\n\t\t\t\t\t\t\t\t\t\t\t\t<a class=\"elementor-toggle-title\" tabindex=\"0\">ANNULATIONS & REMBOURSEMENT<\/a>\n\t\t\t\t\t<\/div>\n\n\t\t\t\t\t<div id=\"elementor-tab-content-75111\" class=\"elementor-tab-content elementor-clearfix\" data-tab=\"11\" role=\"region\" aria-labelledby=\"elementor-tab-title-75111\"><h2 data-start=\"62\" data-end=\"95\"><span style=\"color: #0000ff;\">Annulations et remboursements<\/span><\/h2><p data-start=\"54\" data-end=\"93\"><strong data-start=\"54\" data-end=\"91\">Remboursement en cas d&rsquo;annulation<\/strong><\/p><ul><li data-start=\"97\" data-end=\"175\">Pendant la p\u00e9riode d&rsquo;inscription : <strong data-start=\"132\" data-end=\"173\">remboursement de 70 % du montant pay\u00e9<\/strong><\/li><li data-start=\"178\" data-end=\"260\">\u00c0 la fin de la p\u00e9riode d&rsquo;inscription : <strong data-start=\"217\" data-end=\"258\">remboursement de 50 % du montant pay\u00e9<\/strong><\/li><li data-start=\"263\" data-end=\"325\">Apr\u00e8s la deuxi\u00e8me semaine de cours : <strong data-start=\"300\" data-end=\"323\">aucun remboursement<\/strong><\/li><\/ul><p data-start=\"327\" data-end=\"355\"><strong data-start=\"327\" data-end=\"353\">Annulation par l\u2019ACFSJ<\/strong><\/p><ul data-start=\"357\" data-end=\"463\"><li data-start=\"357\" data-end=\"463\"><p data-start=\"359\" data-end=\"463\">Si un cours est annul\u00e9 par l\u2019ACFSJ (manque d\u2019inscriptions ou autre raison) : <strong data-start=\"436\" data-end=\"461\">remboursement complet<\/strong><\/p><\/li><\/ul><p data-start=\"465\" data-end=\"492\"><strong data-start=\"465\" data-end=\"490\">Modalit\u00e9s de paiement<\/strong><\/p><ul><li data-start=\"496\" data-end=\"571\">Les paiements doivent \u00eatre re\u00e7us dans les 24 heures suivant l\u2019inscription<\/li><li data-start=\"574\" data-end=\"623\">Aucune inscription ne sera valide sans paiement<\/li><\/ul><\/div>\n\t\t\t\t<\/div>\n\t\t\t\t\t\t\t\t<\/div>\n\t\t\t\t\t\t<\/div>\n\t\t\t\t<\/div>\n\t\t<div class=\"elementor-element elementor-element-7bead48 e-con-full e-flex e-con e-child\" data-id=\"7bead48\" data-element_type=\"container\" data-e-type=\"container\">\n\t\t<div class=\"elementor-element elementor-element-7824f03 e-con-full e-flex e-con e-child\" data-id=\"7824f03\" data-element_type=\"container\" data-e-type=\"container\">\n\t\t\t\t<div class=\"elementor-element elementor-element-e7468eb elementor-widget elementor-widget-text-editor\" data-id=\"e7468eb\" data-element_type=\"widget\" data-e-type=\"widget\" data-settings=\"{&quot;motion_fx_motion_fx_scrolling&quot;:&quot;yes&quot;,&quot;motion_fx_translateY_effect&quot;:&quot;yes&quot;,&quot;motion_fx_translateY_speed&quot;:{&quot;unit&quot;:&quot;px&quot;,&quot;size&quot;:4,&quot;sizes&quot;:[]},&quot;motion_fx_translateY_affectedRange&quot;:{&quot;unit&quot;:&quot;%&quot;,&quot;size&quot;:&quot;&quot;,&quot;sizes&quot;:{&quot;start&quot;:0,&quot;end&quot;:100}},&quot;motion_fx_devices&quot;:[&quot;desktop&quot;,&quot;tablet&quot;,&quot;mobile&quot;]}\" data-widget_type=\"text-editor.default\">\n\t\t\t\t\t\t\t\t\t<p>[civicrm component=\u00a0\u00bbevent\u00a0\u00bb action=\u00a0\u00bbinfo\u00a0\u00bb id=\u00a0\u00bb1523&Prime;]<\/p>\t\t\t\t\t\t\t\t<\/div>\n\t\t\t\t<\/div>\n\t\t<div class=\"elementor-element elementor-element-ce985d9 e-con-full e-flex e-con e-child\" data-id=\"ce985d9\" data-element_type=\"container\" data-e-type=\"container\">\n\t\t\t\t<div class=\"elementor-element elementor-element-ca03746 elementor-arrows-position-inside elementor-pagination-position-outside elementor-widget elementor-widget-image-carousel\" data-id=\"ca03746\" data-element_type=\"widget\" data-e-type=\"widget\" data-settings=\"{&quot;slides_to_show&quot;:&quot;3&quot;,&quot;navigation&quot;:&quot;both&quot;,&quot;speed&quot;:500}\" data-widget_type=\"image-carousel.default\">\n\t\t\t\t\t\t\t<div class=\"elementor-image-carousel-wrapper swiper\" role=\"region\" aria-roledescription=\"carousel\" aria-label=\"Carrousel d\u2019images\" dir=\"ltr\">\n\t\t\t<div class=\"elementor-image-carousel swiper-wrapper swiper-image-stretch\" aria-live=\"polite\">\n\t\t\t\t\t\t\t\t<div class=\"swiper-slide\" role=\"group\" aria-roledescription=\"slide\" aria-label=\"1 de 3\"><figure class=\"swiper-slide-inner\"><img decoding=\"async\" class=\"swiper-slide-image\" src=\"https:\/\/acfsj.ca\/sites\/acfsj.ca\/wp-content\/uploads\/2025\/09\/logoACFSJ_600px.png\" alt=\"logoACFSJ_600px\" \/><\/figure><\/div><div class=\"swiper-slide\" role=\"group\" aria-roledescription=\"slide\" aria-label=\"2 de 3\"><figure class=\"swiper-slide-inner\"><img decoding=\"async\" class=\"swiper-slide-image\" src=\"https:\/\/acfsj.ca\/sites\/acfsj.ca\/wp-content\/uploads\/2025\/03\/CSCGV_Logo-300x236.png\" alt=\"CSCGV_Logo centre scolaire et communautaire des Grands-Vents logo\" \/><\/figure><\/div><div class=\"swiper-slide\" role=\"group\" aria-roledescription=\"slide\" aria-label=\"3 de 3\"><figure class=\"swiper-slide-inner\"><img decoding=\"async\" class=\"swiper-slide-image\" src=\"https:\/\/acfsj.ca\/sites\/acfsj.ca\/wp-content\/uploads\/2026\/04\/LOGO-40e-anniversaire-drapeau-1-300x300.jpg\" alt=\"LOGO-40e anniversaire drapeau (1)\" \/><\/figure><\/div>\t\t\t<\/div>\n\t\t\t\t\t\t\t\t\t\t\t\t<div class=\"elementor-swiper-button elementor-swiper-button-prev\" role=\"button\" tabindex=\"0\">\n\t\t\t\t\t\t<svg aria-hidden=\"true\" class=\"e-font-icon-svg e-eicon-chevron-left\" viewBox=\"0 0 1000 1000\" xmlns=\"http:\/\/www.w3.org\/2000\/svg\"><path d=\"M646 125C629 125 613 133 604 142L308 442C296 454 292 471 292 487 292 504 296 521 308 533L604 854C617 867 629 875 646 875 663 875 679 871 692 858 704 846 713 829 713 812 713 796 708 779 692 767L438 487 692 225C700 217 708 204 708 187 708 171 704 154 692 142 675 129 663 125 646 125Z\"><\/path><\/svg>\t\t\t\t\t<\/div>\n\t\t\t\t\t<div class=\"elementor-swiper-button elementor-swiper-button-next\" role=\"button\" tabindex=\"0\">\n\t\t\t\t\t\t<svg aria-hidden=\"true\" class=\"e-font-icon-svg e-eicon-chevron-right\" viewBox=\"0 0 1000 1000\" xmlns=\"http:\/\/www.w3.org\/2000\/svg\"><path d=\"M696 533C708 521 713 504 713 487 713 471 708 454 696 446L400 146C388 133 375 125 354 125 338 125 325 129 313 142 300 154 292 171 292 187 292 204 296 221 308 233L563 492 304 771C292 783 288 800 288 817 288 833 296 850 308 863 321 871 338 875 354 875 371 875 388 867 400 854L696 533Z\"><\/path><\/svg>\t\t\t\t\t<\/div>\n\t\t\t\t\n\t\t\t\t\t\t\t\t\t<div class=\"swiper-pagination\"><\/div>\n\t\t\t\t\t\t\t\t\t<\/div>\n\t\t\t\t\t\t<\/div>\n\t\t\t\t<\/div>\n\t\t\t\t<\/div>\n\t\t\t\t\t<\/div>\n\t\t\t\t<\/div>\n\t\t<div class=\"elementor-element elementor-element-107077a e-con e-atomic-element e-flexbox-base \" data-id=\"107077a\" data-element_type=\"e-flexbox\" data-e-type=\"e-flexbox\" data-interaction-id=\"107077a\" data-e-type=\"e-flexbox\" data-id=\"107077a\">\n    \t\t\t<p class=\"e-paragraph-base\" data-interaction-id=\"8ed8de0\" data-e-type=\"widget\" data-id=\"8ed8de0\">Type your paragraph here<\/p>\n\t\t\n<\/div>\n\t\t<\/div>\n\t\t","protected":false},"excerpt":{"rendered":"<p>INSCRIPTIONS OUVERTES INSCRIPTIONS OUVERTES \u2013 COURS DE FRAN\u00c7AIS \u2013 AUTOMNE 2026 \u00a0Les inscriptions sont maintenant ouvertes ! Apprenez le fran\u00e7ais avec l\u2019ACFSJ, du niveau d\u00e9butant \u00e0 la conversation avanc\u00e9e. 13 semaines 1,5 h par semaine Cours en soir\u00e9e d\u00e8s 17 h 30 En ligne ou en pr\u00e9sentiel 16 ans et plus 270 $ par session [&hellip;]<\/p>\n","protected":false},"author":4,"featured_media":21532,"comment_status":"closed","ping_status":"closed","sticky":false,"template":"","format":"standard","meta":{"footnotes":""},"categories":[73,12],"tags":[85],"class_list":["post-11600","post","type-post","status-publish","format-standard","has-post-thumbnail","hentry","category-cours-ateliers","category-page-daccueil-en-vedette","tag-sans-parfum","entry","has-media"],"_links":{"self":[{"href":"https:\/\/acfsj.ca\/fr\/wp-json\/wp\/v2\/posts\/11600","targetHints":{"allow":["GET"]}}],"collection":[{"href":"https:\/\/acfsj.ca\/fr\/wp-json\/wp\/v2\/posts"}],"about":[{"href":"https:\/\/acfsj.ca\/fr\/wp-json\/wp\/v2\/types\/post"}],"author":[{"embeddable":true,"href":"https:\/\/acfsj.ca\/fr\/wp-json\/wp\/v2\/users\/4"}],"replies":[{"embeddable":true,"href":"https:\/\/acfsj.ca\/fr\/wp-json\/wp\/v2\/comments?post=11600"}],"version-history":[{"count":3,"href":"https:\/\/acfsj.ca\/fr\/wp-json\/wp\/v2\/posts\/11600\/revisions"}],"predecessor-version":[{"id":39535,"href":"https:\/\/acfsj.ca\/fr\/wp-json\/wp\/v2\/posts\/11600\/revisions\/39535"}],"wp:featuredmedia":[{"embeddable":true,"href":"https:\/\/acfsj.ca\/fr\/wp-json\/wp\/v2\/media\/21532"}],"wp:attachment":[{"href":"https:\/\/acfsj.ca\/fr\/wp-json\/wp\/v2\/media?parent=11600"}],"wp:term":[{"taxonomy":"category","embeddable":true,"href":"https:\/\/acfsj.ca\/fr\/wp-json\/wp\/v2\/categories?post=11600"},{"taxonomy":"post_tag","embeddable":true,"href":"https:\/\/acfsj.ca\/fr\/wp-json\/wp\/v2\/tags?post=11600"}],"curies":[{"name":"wp","href":"https:\/\/api.w.org\/{rel}","templated":true}]}}