{"id":4580,"date":"2022-03-30T12:14:59","date_gmt":"2022-03-30T14:44:59","guid":{"rendered":"https:\/\/acfsj.ca\/?p=4580"},"modified":"2026-01-06T12:19:02","modified_gmt":"2026-01-06T15:49:02","slug":"miniecole-de-medecine","status":"publish","type":"post","link":"https:\/\/acfsj.ca\/en\/miniecole-de-medecine\/","title":{"rendered":"\u00a0Mini medical school"},"content":{"rendered":"<h2 class=\"has-medium-font-size wp-block-heading\">The gastrointestinal tract<\/h2>\n\n\n\n<p>Since the creation of Francophone Affairs in 1995, the Minischool of Medicine has offered conferences whose principle is the development of training programs offered in French at the Faculty of Medicine. These include the Undergraduate Medical Education Program, Postgraduate Medical Education Program, Continuing Medical Education, and Medical Education Research.<br>the mandate also extends to other files such as:<\/p>\n\n\n\n<ul class=\"wp-block-list\"><li>student recruitment<\/li><li>the development of clinical internship locations<\/li><li>recruiting French-speaking teachers<\/li><li>professional development and pedagogical training of teachers<\/li><li>the creation of educational materials in French<\/li><li>creating opportunities for exchange and collaboration on a national and international scale<\/li><\/ul>\n\n\n\n<p><strong>A free webinar presented: <\/strong><\/p>\n\n\n\n<figure class=\"wp-block-table is-style-regular\"><table><tbody><tr><td class=\"has-text-align-center\" data-align=\"center\"><strong>Wednesdays 20, 2022, from 7 p.m. to 9 p.m. <br>(Eastern Time)<\/strong> <\/td><td class=\"has-text-align-center\" data-align=\"center\"><strong><em>Following<\/em><br>Wednesday April 27, 2022, <br>7 p.m. to 9 p.m. (Eastern Time) *<\/strong><\/td><\/tr><\/tbody><\/table><\/figure>\n\n\n\n<figure class=\"wp-block-table is-style-regular\"><table><tbody><tr><td class=\"has-text-align-center\" data-align=\"center\"><a rel=\"noreferrer noopener\" href=\"https:\/\/uottawa.us10.list-manage.com\/track\/click?u=7efa9812ec7b21f4a831597ab&amp;id=c47f15403b&amp;e=c1022e6c85\" target=\"_blank\"><strong>I&#039;m registering <\/strong><\/a><\/td><\/tr><\/tbody><\/table><\/figure>\n\n\n\n<div class=\"wp-block-image\"><figure class=\"alignleft is-resized\"><img decoding=\"async\" src=\"https:\/\/acfsj.ca\/wp-content\/uploads\/2022\/02\/coeur_francais-1024x140.jpg\" alt=\"\" width=\"312\" height=\"42\"\/><\/figure><\/div>\n\n\n\n<p><strong>Information and registration:<\/strong><br><strong>Myl\u00e8ne Laurin-Slythe<\/strong>.<br><em>Recruitment and Marketing Coordinator<\/em>.<br>                                                                                             <a rel=\"noreferrer noopener\" href=\"mailto:Mylene.Laurin-Slythe@uottawa.ca\" target=\"_blank\">Mylene.Laurin-Slythe@uottawa.ca<\/a>  \u2013 613-562-5800<strong> (ext. 8029)<\/strong>.<\/p>\n\n\n\n<figure class=\"wp-block-table is-style-regular\"><table><tbody><tr><td class=\"has-text-align-center\" data-align=\"center\"><a href=\"https:\/\/med.uottawa.ca\/affaires-francophones\/miniecole-medecine\" target=\"_blank\" rel=\"noreferrer noopener\"><img decoding=\"async\" width=\"162\" height=\"70\" src=\"https:\/\/med.uottawa.ca\/plateaux-techniques\/sites\/med.uottawa.ca.plateaux-techniques\/files\/uo-facmed_web-banner-700x300.jpg\" alt=\"Accueil | Facult\u00e9 de m\u00e9decine | Universit\u00e9 d'Ottawa\"><\/a><\/td><td class=\"has-text-align-center\" data-align=\"center\"><img decoding=\"async\" src=\"https:\/\/acfsj.ca\/wp-content\/uploads\/2022\/02\/Copie-de-Copy-of-nouveau-logo-ACFSJ.jpg\"><\/td><td class=\"has-text-align-center\" data-align=\"center\"><img decoding=\"async\" src=\"https:\/\/acfsj.ca\/wp-content\/uploads\/2022\/02\/Logo_CCSGV.jpg\"><\/td><\/tr><\/tbody><\/table><\/figure>\n\n\n\n<p><\/p>","protected":false},"excerpt":{"rendered":"<p>L&rsquo;appareil gastrointestinal Depuis la cr\u00e9ation des Affaires francophones en 1995, la Mini\u00e9cole de m\u00e9decine propose des conf\u00e9rences dont le principe est le d\u00e9veloppement des programmes de formation offerts en fran\u00e7ais \u00e0 la Facult\u00e9 de m\u00e9decine. Il s&rsquo;agit notamment du programme de formation m\u00e9dicale de premier cycle, du programme de formation m\u00e9dicale postdoctorale, de la formation [&hellip;]<\/p>\n","protected":false},"author":2,"featured_media":4583,"comment_status":"open","ping_status":"open","sticky":false,"template":"","format":"standard","meta":{"footnotes":""},"categories":[91,72],"tags":[],"class_list":["post-4580","post","type-post","status-publish","format-standard","has-post-thumbnail","hentry","category-archive","category-evenements","entry","has-media"],"_links":{"self":[{"href":"https:\/\/acfsj.ca\/en\/wp-json\/wp\/v2\/posts\/4580","targetHints":{"allow":["GET"]}}],"collection":[{"href":"https:\/\/acfsj.ca\/en\/wp-json\/wp\/v2\/posts"}],"about":[{"href":"https:\/\/acfsj.ca\/en\/wp-json\/wp\/v2\/types\/post"}],"author":[{"embeddable":true,"href":"https:\/\/acfsj.ca\/en\/wp-json\/wp\/v2\/users\/2"}],"replies":[{"embeddable":true,"href":"https:\/\/acfsj.ca\/en\/wp-json\/wp\/v2\/comments?post=4580"}],"version-history":[{"count":1,"href":"https:\/\/acfsj.ca\/en\/wp-json\/wp\/v2\/posts\/4580\/revisions"}],"predecessor-version":[{"id":31753,"href":"https:\/\/acfsj.ca\/en\/wp-json\/wp\/v2\/posts\/4580\/revisions\/31753"}],"wp:featuredmedia":[{"embeddable":true,"href":"https:\/\/acfsj.ca\/en\/wp-json\/"}],"wp:attachment":[{"href":"https:\/\/acfsj.ca\/en\/wp-json\/wp\/v2\/media?parent=4580"}],"wp:term":[{"taxonomy":"category","embeddable":true,"href":"https:\/\/acfsj.ca\/en\/wp-json\/wp\/v2\/categories?post=4580"},{"taxonomy":"post_tag","embeddable":true,"href":"https:\/\/acfsj.ca\/en\/wp-json\/wp\/v2\/tags?post=4580"}],"curies":[{"name":"wp","href":"https:\/\/api.w.org\/{rel}","templated":true}]}}